{"id":4917,"date":"2020-11-06T18:24:48","date_gmt":"2020-11-06T18:24:48","guid":{"rendered":"http:\/\/palavradeamorpalavra.sallep.net\/?p=4917"},"modified":"2022-11-17T04:57:09","modified_gmt":"2022-11-17T04:57:09","slug":"a-sabedoria-e-luminosa-2","status":"publish","type":"post","link":"https:\/\/palavradeamorpalavra.sallep.net\/?p=4917","title":{"rendered":"\u00abA Sabedoria \u00e9 luminosa\u00bb"},"content":{"rendered":"<p><a href=\"http:\/\/palavradeamorpalavra.sallep.net\/wp-content\/uploads\/2020\/11\/55aa-A-Sabedoria-e-luminosa....jpg\"><img fetchpriority=\"high\" decoding=\"async\" class=\"aligncenter size-full wp-image-4918\" src=\"http:\/\/palavradeamorpalavra.sallep.net\/wp-content\/uploads\/2020\/11\/55aa-A-Sabedoria-e-luminosa....jpg\" alt=\"\" width=\"195\" height=\"259\" srcset=\"https:\/\/palavradeamorpalavra.sallep.net\/wp-content\/uploads\/2020\/11\/55aa-A-Sabedoria-e-luminosa....jpg 195w, https:\/\/palavradeamorpalavra.sallep.net\/wp-content\/uploads\/2020\/11\/55aa-A-Sabedoria-e-luminosa...-398x528.jpg 398w\" sizes=\"(max-width: 195px) 100vw, 195px\" \/><\/a><\/p>\n<p><strong>\u2013\u00a0<em>A<\/em>\u00a0<em>PALAVRA, Refletida<\/em>\u00a0ao ritmo Lit\u00fargico \u2013<\/strong><\/p>\n<p><em>(Ciclo A \u2013 Domingo 32 do T. Comum)<\/em><\/p>\n<p><em><strong>\u201c<u>A Sabedoria \u00e9 luminosa<\/u>\u00a0e o seu brilho \u00e9 inalter\u00e1vel; deixa-se ver facilmente \u00e0queles que a amam e faz-se encontrar aos que a procuram. Antecipa-se e d\u00e1-se a conhecer aos que a desejam\u2026 E quem lhe consagra as vig\u00edlias depressa ficar\u00e1 sem cuidados\u201d. (Sb 6,12 \/\u00a0<\/strong><\/em><em>1\u00aaL.<strong>).<\/strong><\/em><\/p>\n<p>&nbsp;<\/p>\n<p>O pr\u00f3prio autor deste \u201clivro\u201d (que, desde logo,\u00a0<em>n\u00e3o \u00e9<\/em>\u00a0Salom\u00e3o; e cujo t\u00edtulo \u00e9 precisamente \u201cSabedoria\u201d) atribui a autoria \u00e0quele rei de Israel (pelo facto de ser chamado \u201co rei S\u00e1bio\u201d?). Embora esse verdadeiro autor viveria oito s\u00e9culos depois, entre aqueles \u00abs\u00e1bios de Alexandria\u00bb, de cultura judeu-helenista, cerca de um s\u00e9culo anterior a Jesus. Entre as partes do livro, aquela a que pertence o nosso texto, leva por t\u00edtulo \u00abElogio da Sabedoria\u00bb\u2026 \u00c9 f\u00e1cil verificar que, no pr\u00f3prio livro (e noutros do NT) essa Sabedoria \u00e9 \u201cpersonificada\u201d, isto \u00e9, considerada com\u00a0<em>atributos<\/em>\u00a0pr\u00f3prios de uma \u201cpessoa\u201d e, como tal, \u201crelacionando-se\u201d naturalmente com outras pessoas\u2026<\/p>\n<p>&nbsp;<\/p>\n<p>A \u2013 Al\u00e9m do mais, chama a aten\u00e7\u00e3o que essa Sabedoria seja luminosa, radiante, de brilho est\u00e1vel; e ainda, que Ela estime a \u201cvig\u00edlia\u201d (<em>\u201cquem lhe consagra as vig\u00edlias ficar\u00e1 sem cuidados\u201d<\/em>)\u2026<\/p>\n<p>B \u2013 \u00c9 fundamental, no entanto,\u00a0<em>o gozo que a Sabedoria sente<\/em>\u00a0ao \u201cse relacionar\u201d com\u00a0<em>o ser humano<\/em>.\u00a0<em>\u201cDeixa-se ver\u2026 faz-se encontrar\u2026 d\u00e1-se a conhecer\u2026 antecipa-se\u2026 sentada \u00e0 espera\u2026\u201d<\/em>, s\u00e3o express\u00f5es e atitudes pr\u00f3prias de uma pessoa \u201cnas suas rela\u00e7\u00f5es\u201d. Poderia <em>Ela<\/em> existir fora do \u201cambiente relacional\u201d?&#8230;<\/p>\n<p>A \u2013Temos uma outra passagem, esta do\u00a0<em>livro dos Prov\u00e9rbios<\/em>\u00a0\u2013 onde \u00e9 a pr\u00f3pria Sabedoria a falar \u2013 que nos lembra:\u00a0<em>\u201cEu brincava no orbe da Terra, e as minhas del\u00edcias s\u00e3o estar com os filhos dos homens\u201d.(Pr 8,31).<\/em>\u00a0Quem seria capaz de imaginar isto, se n\u00e3o estivesse escrito na<em> Palavra<\/em>\u00a0de Deus?<\/p>\n<p>B \u2013 Os te\u00f3logos b\u00edblicos interpretam\u00a0<em>v\u00e1rios textos\u00a0<\/em>do\u00a0<em>livro da Sabedoria<\/em>\u00a0como uma \u201cdiviniza\u00e7\u00e3o\u201d desta \u201cpessoa\u201d (a Sabedoria) e usam express\u00f5es como \u00abSabedoria divina\u00bb\u2026 Ent\u00e3o, a <em>Sabedoria<\/em> \u00e9 Deus!?&#8230;<\/p>\n<p>A \u2013 \u00c9 que o autor, ou autores,\u00a0<em>deste Livro<\/em>, referem-se por vezes a Deus como \u00e0 pr\u00f3pria Sabedoria, que\u00a0<em>atuou<\/em>\u00a0e\u00a0<em>atua<\/em>\u00a0na\u00a0<em>Hist\u00f3ria de Israel<\/em>\u00a0e\u00a0<em>do mundo<\/em>\u00a0(Cf. nomeadamente os caps. 11-12 e 16-19)\u2026<\/p>\n<p>B \u2013 E ainda mais: Ela \u201cprefigura\u201d\u00a0<em>o amor e a sabedoria<\/em>\u00a0de Deus, que culmina em Jesus Cristo, tamb\u00e9m chamado \u201cSabedoria de Deus\u201d, no NT, especialmente em Paulo (1 Cor 1,24.30) \u2026<\/p>\n<p>A \u2013 Est\u00e1 dito acima, que a Sabedoria tem como que o seu\u00a0<em>foco de aten\u00e7\u00e3o gozosa<\/em>\u00a0nos humanos\u2026 Mas ser\u00e1 que n\u00f3s, \u201cos humanos\u201d, temos de\u00a0<em>dirigir (focar) tamb\u00e9m a nossa aten\u00e7\u00e3o<\/em>\u00a0para a Sabedoria?<\/p>\n<p>B \u2013 Parece evidente ser isso o que a Sabedoria quer. Que significado teria, se n\u00e3o, a express\u00e3o j\u00e1 salientada,\u00a0<em>\u201cconsagrar-lhe as vig\u00edlias\u201d<\/em>? Pois\u00a0<em>estar vigilante<\/em>\u00a0\u00e9 o mesmo que\u00a0<em>focar a aten\u00e7\u00e3o<\/em>\u00a0(!).<\/p>\n<p>A \u2013 Constatamos que o pr\u00f3prio Jesus \u2013 a \u00abSabedoria de Deus\u00bb \u2013 tem v\u00e1rias par\u00e1bolas acerca desta \u201cvigil\u00e2ncia\u201d e \u201caten\u00e7\u00e3o\u201d:\u00a0<em>as virgens das<\/em>\u00a0<em>l\u00e2mpadas acesas\u00a0<\/em>(Mt 25,1-13);\u00a0<em>o porteiro que vigia\u00a0<\/em>(Mc 13,33-37);\u00a0<em>os servos vigilantes\u00a0<\/em>(Lc 12,35-38);\u00a0<em>o dono da casa perante o ladr\u00e3o\u00a0<\/em>(Mt 24,42-44); etc.<\/p>\n<p>B \u2013 E Maria \u2013 a M\u00e3e deste Jesus e nossa \u2013 leva\u00a0<em>o t\u00edtulo<\/em>\u00a0de \u00abTrono da Sabedoria\u00bb (atestado pelas \u201cartes\u201d \/ ver <em>\u2018imagem\u2019<\/em>)&#8230; Ent\u00e3o, a s\u00edntese esquem\u00e1tica da nossa <em>Reflex\u00e3o<\/em>\u00a0seria: A Sabedoria divina (\u201cpessoa\u201d) \u00e9\u00a0<em>Luz perene<\/em>\u00a0que\u00a0<em>se revela com prazer\u00a0<\/em>aos \u201cfilhos dos homens\u201d \u2013\u00a0<em>vigilantes<\/em>\u00a0e ativos \u2013<em>\u00a0e com eles se relaciona\u2026<\/em><\/p>\n<p>&nbsp;<\/p>\n<p style=\"text-align: right;\"><u>A\/B<\/u>:<strong>\u00a0\u00abDeus dos nossos pais, Senhor da miseric\u00f3rdia,<\/strong><\/p>\n<p style=\"text-align: right;\"><strong>(hoje\u00a0 quero rezar com a \u201cora\u00e7\u00e3o de Salom\u00e3o\u201d e de outros amigos Teus).<\/strong><\/p>\n<p style=\"text-align: right;\"><strong>\u2026Concede ao Teu servo um cora\u00e7\u00e3o cheio de entendimento e de intelig\u00eancia<\/strong><\/p>\n<p style=\"text-align: right;\"><strong>para discernir entre o bem e o mal, na procura do caminho da Verdade\u2026<\/strong><\/p>\n<p style=\"text-align: right;\"><strong>Que eu saiba ser vigilante e diligente para Te procurar e encontrar\u2026<\/strong><\/p>\n<p style=\"text-align: right;\"><strong>D\u00e1-me, Senhor, essa Sabedoria \u2013 radiante \u2013 que est\u00e1 sentada no Teu trono<\/strong><\/p>\n<p style=\"text-align: right;\"><strong>e me consideres digno de ser Teu filho\u00bb\u2026 E Tu, M\u00e3e,\u00a0<em>\u2018<\/em><\/strong><em><strong>Trono da Sabedoria\u2019<\/strong><\/em><strong>, ajuda-nos!<\/strong><\/p>\n<p>&nbsp;<\/p>\n<p>\/\/\u00a0<em>PARA uma outra REFLEX\u00c3O ALARGADA:<\/em> <a href=\"http:\/\/palavradeamorpalavra.sallep.net\">http:\/\/palavradeamorpalavra.sallep.net<\/a><\/p>\n","protected":false},"excerpt":{"rendered":"<p>\u2013\u00a0A\u00a0PALAVRA, Refletida\u00a0ao ritmo Lit\u00fargico \u2013 (Ciclo A \u2013 Domingo 32 do T. Comum) \u201cA Sabedoria \u00e9 luminosa\u00a0e o seu brilho \u00e9 inalter\u00e1vel; deixa-se ver facilmente \u00e0queles que a amam e faz-se encontrar aos que a procuram. Antecipa-se e d\u00e1-se a conhecer aos que a desejam\u2026 E quem lhe consagra as vig\u00edlias depressa ficar\u00e1 sem cuidados\u201d. [&hellip;]<\/p>\n","protected":false},"author":2,"featured_media":0,"comment_status":"open","ping_status":"open","sticky":false,"template":"","format":"standard","meta":{"footnotes":""},"categories":[6],"tags":[],"class_list":["post-4917","post","type-post","status-publish","format-standard","hentry","category-refletida","has-post-title","has-post-date","has-post-category","has-post-tag","has-post-comment","has-post-author",""],"builder_content":"","_links":{"self":[{"href":"https:\/\/palavradeamorpalavra.sallep.net\/index.php?rest_route=\/wp\/v2\/posts\/4917","targetHints":{"allow":["GET"]}}],"collection":[{"href":"https:\/\/palavradeamorpalavra.sallep.net\/index.php?rest_route=\/wp\/v2\/posts"}],"about":[{"href":"https:\/\/palavradeamorpalavra.sallep.net\/index.php?rest_route=\/wp\/v2\/types\/post"}],"author":[{"embeddable":true,"href":"https:\/\/palavradeamorpalavra.sallep.net\/index.php?rest_route=\/wp\/v2\/users\/2"}],"replies":[{"embeddable":true,"href":"https:\/\/palavradeamorpalavra.sallep.net\/index.php?rest_route=%2Fwp%2Fv2%2Fcomments&post=4917"}],"version-history":[{"count":4,"href":"https:\/\/palavradeamorpalavra.sallep.net\/index.php?rest_route=\/wp\/v2\/posts\/4917\/revisions"}],"predecessor-version":[{"id":4922,"href":"https:\/\/palavradeamorpalavra.sallep.net\/index.php?rest_route=\/wp\/v2\/posts\/4917\/revisions\/4922"}],"wp:attachment":[{"href":"https:\/\/palavradeamorpalavra.sallep.net\/index.php?rest_route=%2Fwp%2Fv2%2Fmedia&parent=4917"}],"wp:term":[{"taxonomy":"category","embeddable":true,"href":"https:\/\/palavradeamorpalavra.sallep.net\/index.php?rest_route=%2Fwp%2Fv2%2Fcategories&post=4917"},{"taxonomy":"post_tag","embeddable":true,"href":"https:\/\/palavradeamorpalavra.sallep.net\/index.php?rest_route=%2Fwp%2Fv2%2Ftags&post=4917"}],"curies":[{"name":"wp","href":"https:\/\/api.w.org\/{rel}","templated":true}]}}