{"id":4939,"date":"2020-11-20T22:45:06","date_gmt":"2020-11-20T22:45:06","guid":{"rendered":"http:\/\/palavradeamorpalavra.sallep.net\/?p=4939"},"modified":"2022-11-19T08:52:20","modified_gmt":"2022-11-19T08:52:20","slug":"hei-de-fazer-justica-entre-ovelhas-e-ovelhas","status":"publish","type":"post","link":"https:\/\/palavradeamorpalavra.sallep.net\/?p=4939","title":{"rendered":"\u00abHei de fazer justi\u00e7a entre ovelhas e ovelhas\u00bb"},"content":{"rendered":"<p><a href=\"http:\/\/palavradeamorpalavra.sallep.net\/wp-content\/uploads\/2020\/11\/57aa-Hei-de-fazer-justica-entre-ovelhas-e-ovelhas.jpg\"><img fetchpriority=\"high\" decoding=\"async\" class=\"aligncenter size-full wp-image-4940\" src=\"http:\/\/palavradeamorpalavra.sallep.net\/wp-content\/uploads\/2020\/11\/57aa-Hei-de-fazer-justica-entre-ovelhas-e-ovelhas.jpg\" alt=\"\" width=\"224\" height=\"225\" srcset=\"https:\/\/palavradeamorpalavra.sallep.net\/wp-content\/uploads\/2020\/11\/57aa-Hei-de-fazer-justica-entre-ovelhas-e-ovelhas.jpg 224w, https:\/\/palavradeamorpalavra.sallep.net\/wp-content\/uploads\/2020\/11\/57aa-Hei-de-fazer-justica-entre-ovelhas-e-ovelhas-150x150.jpg 150w, https:\/\/palavradeamorpalavra.sallep.net\/wp-content\/uploads\/2020\/11\/57aa-Hei-de-fazer-justica-entre-ovelhas-e-ovelhas-50x50.jpg 50w, https:\/\/palavradeamorpalavra.sallep.net\/wp-content\/uploads\/2020\/11\/57aa-Hei-de-fazer-justica-entre-ovelhas-e-ovelhas-398x399.jpg 398w\" sizes=\"(max-width: 224px) 100vw, 224px\" \/><\/a><\/p>\n<p><strong>\u2013\u00a0<em>A<\/em>\u00a0<em>PALAVRA, Refletida<\/em>\u00a0ao ritmo Lit\u00fargico \u2013<\/strong><\/p>\n<p><em>(Ciclo A \u2013 CRISTO REI \u2013 34 do T. Comum)<\/em><\/p>\n<p><em><strong>\u201c\u2026Diz o Senhor Deus: Eu apascentarei as minhas ovelhas, Eu as levarei a repousar\u2026 Hei de procurar a que anda perdida e reconduzir a que anda tresmalhada. Tratarei a que estiver ferida\u2026 Quanto a v\u00f3s, meu rebanho, assim fala o Senhor Deus: <u>Hei de\u00a0fazer justi\u00e7a entre ovelhas e ovelhas<\/u>, entre carneiros e cabritos\u00bb\u201d.\u00a0(Ez 34,15-17\u00a0\/\u00a01\u00aa L.)<\/strong><\/em><\/p>\n<p>&nbsp;<\/p>\n<p>Todo o cap\u00edtulo <em>34<\/em> do Livro do\u00a0<em>profeta Ezequiel<\/em>, est\u00e1 dedicado a descrever e diferenciar o\u00a0<em>\u201cbom pastor\u201d<\/em>\u00a0e os\u00a0<em>\u201cmaus pastores\u201d,<\/em>\u00a0lan\u00e7ando v\u00e1rios \u00abor\u00e1culos contra\u00bb estes\u00a0<em>maus<\/em>\u00a0e\u00a0<em>falsos pastores<\/em>. Os quais, n\u00e3o s\u00f3 abandonam as ovelhas, \u201co povo de Deus\u201d, como tamb\u00e9m \u2013 o que \u00e9 muito pior \u2013 vivem \u00e0 custa delas, explorando-as e devorando-as,\u00a0<em>\u201capascentando-se a si mesmos em vez de apascentar o rebanho\u201d<\/em>. E at\u00e9 chega a dizer, o mesmo Deus, pela boca do profeta, que\u00a0<em>\u201cEle, o Senhor Deus, arrancar\u00e1 as ovelhas como presa dos seus dentes\u201d<\/em>\u2026 Ainda bem que, afinal, ter\u00e1 de ser o pr\u00f3prio Deus \u2013 que \u00e9 o \u00abbom Pastor\u00bb \u2013 quem h\u00e1 de tomar conta das Suas ovelhas! Ainda bem!<\/p>\n<p>&nbsp;<\/p>\n<p>A \u2013 \u00c9 verdade que, no\u00a0<em>texto<\/em>, os primeiros a serem julgados, \u2018sem piedade\u2019, s\u00e3o os\u00a0<em>\u201cfalsos pastores\u201d<\/em>\u00a0\u2013 e desta quest\u00e3o haveria muito para falar (!) \u2013 mas tamb\u00e9m ser\u00e3o julgadas todas as\u00a0<em>ovelhas, boas e m\u00e1s,<\/em>\u00a0do rebanho.<\/p>\n<p>B \u2013 E \u00e9 precisamente acerca deste aspeto, j\u00e1 na parte final, que vamos refletir. O que \u00e9 que significa, ent\u00e3o, isso de\u00a0<em>\u201cser feita justi\u00e7a entre ovelhas e ovelhas\u201d?<\/em>\u00a0 Mas, n\u00e3o era suposto serem \u201ctodas\u201d\u00a0<em>boas<\/em>?\u2026<\/p>\n<p>A \u2013 O facto de terem o mesmo Deus,\u00a0<em>bom pastor<\/em>, a apascent\u00e1-las, n\u00e3o quer dizer que elas deixem de ser livres para dizer \u2018n\u00e3o\u2019 ao \u201cdivino pastor\u201d ou se afastar do\u00a0<em>rebanho<\/em>. Sabemos muito bem que Deus vai respeitar sempre a liberdade, enquanto durar o<em>\u00a0\u201ctempo das pastagens\u201d<\/em>\u00a0para o rebanho\u2026<\/p>\n<p>B \u2013 E se h\u00e1\u00a0<em>liberdade<\/em>\u00a0\u2013 exercida conscientemente! \u2013 haver\u00e1 igualmente \u201cresponsabilidade\u201d, tendo em aten\u00e7\u00e3o que este termo (tal como \u201crespons\u00e1vel\u201d) \u00e9 derivado de \u201cresponder\u201d perante \u201calgu\u00e9m\u201d\u2026<\/p>\n<p>A \u2013 Por isso, quando o \u00abRei Bom Pastor\u00bb \u2013 Cristo Jesus, que at\u00e9\u00a0<em>\u201cdeu a vida pelas Suas ovelhas\u201d<\/em>\u00a0\u2013 vier na sua Gl\u00f3ria, todas as ovelhas (\u201ccarneiros\u201d inclu\u00eddos) h\u00e3o de se\u00a0<em>confrontar<\/em>\u00a0com a Verdade!<\/p>\n<p>B \u2013 \u00c9 a\u00ed que \u201covelhas do mesmo redil\u201d poder\u00e3o escutar senten\u00e7as opostas. \u201cUmas\u201d,\u00a0<em>\u201cvinde\u2026 porque Me acolhestes e ajudastes\u201d<\/em>\u00a0nos Meus irm\u00e3os mais \u201cpequenos\u201d e pobres\u2026 \u201cOutras\u201d,\u00a0<em>\u201cide\u2026 porque\u2026 n\u00e3o vos conhe\u00e7o\u201d\u00a0<\/em>apesar de terdes sido \u201covelhas do meu rebanho\u201d(!?).<em>\u00a0(Mt 25)<\/em><\/p>\n<p>A \u2013 Ou seja, ningu\u00e9m poder\u00e1 ficar \u2018satisfeito\u2019 s\u00f3 pelo facto de ser integrante do grupo dos\u00a0<em>seguidores<\/em>\u00a0do Bom Pastor. Lembremos\u00a0<em>aqueles<\/em>\u00a0que, \u00e0 hora da Verdade, disseram a Jesus,\u00a0<em>\u201cn\u00f3s fomos dos teus disc\u00edpulos\u2026\u201d<\/em>, mas escutaram como resposta,\u00a0<em>\u201cn\u00e3o sei donde sois\u201d(!)<\/em>.<em>(Mt 7,22-23)<\/em>.<\/p>\n<p>&nbsp;<\/p>\n<p style=\"text-align: right;\"><u>A\/B<\/u>:<strong>\u00a0Livra-nos, Senhor Jesus, Bom Pastor que\u00a0<\/strong><em><strong>\u201cdeste a vida pelas ovelhas\u201d<\/strong><\/em><strong>,<\/strong><\/p>\n<p style=\"text-align: right;\"><strong>livra-nos dessa senten\u00e7a desgra\u00e7ada e terr\u00edvel, que algum dia poder\u00edamos vir a escutar<\/strong><\/p>\n<p style=\"text-align: right;\"><strong>se n\u00e3o soubermos ser fi\u00e9is, e que nos afastaria definitivamente do Teu Rebanho\u2026<\/strong><\/p>\n<p style=\"text-align: right;\"><strong>Estaremos \u2013 prometemos! \u2013 sempre abertos, Jesus, \u00e0 influ\u00eancia do Teu Esp\u00edrito,<\/strong><\/p>\n<p style=\"text-align: right;\"><strong>que vai fazer de n\u00f3s, n\u00e3o apenas\u00a0<\/strong><em><strong>\u201covelhas fi\u00e9is que seguem o seu Pastor\u201d<\/strong><\/em><strong>,<\/strong><\/p>\n<p style=\"text-align: right;\"><strong>mas tamb\u00e9m \u2013 imitando-Te a Ti \u2013 sermos \u201cpastores de outras ovelhas\u201d,<\/strong><\/p>\n<p style=\"text-align: right;\"><strong>a come\u00e7ar por aqueles irm\u00e3os mais necessitados, pequenos e pobres\u2026\u00a0<\/strong><\/p>\n<p>&nbsp;<\/p>\n<p>\/\/\u00a0<em>PARA uma outra REFLEX\u00c3O ALARGADA:<\/em> <a href=\"http:\/\/palavradeamorpalavra.sallep.net\">http:\/\/palavradeamorpalavra.sallep.net<\/a><\/p>\n","protected":false},"excerpt":{"rendered":"<p>\u2013\u00a0A\u00a0PALAVRA, Refletida\u00a0ao ritmo Lit\u00fargico \u2013 (Ciclo A \u2013 CRISTO REI \u2013 34 do T. Comum) \u201c\u2026Diz o Senhor Deus: Eu apascentarei as minhas ovelhas, Eu as levarei a repousar\u2026 Hei de procurar a que anda perdida e reconduzir a que anda tresmalhada. Tratarei a que estiver ferida\u2026 Quanto a v\u00f3s, meu rebanho, assim fala o [&hellip;]<\/p>\n","protected":false},"author":2,"featured_media":0,"comment_status":"open","ping_status":"open","sticky":false,"template":"","format":"standard","meta":{"footnotes":""},"categories":[6],"tags":[],"class_list":["post-4939","post","type-post","status-publish","format-standard","hentry","category-refletida","has-post-title","has-post-date","has-post-category","has-post-tag","has-post-comment","has-post-author",""],"builder_content":"","_links":{"self":[{"href":"https:\/\/palavradeamorpalavra.sallep.net\/index.php?rest_route=\/wp\/v2\/posts\/4939","targetHints":{"allow":["GET"]}}],"collection":[{"href":"https:\/\/palavradeamorpalavra.sallep.net\/index.php?rest_route=\/wp\/v2\/posts"}],"about":[{"href":"https:\/\/palavradeamorpalavra.sallep.net\/index.php?rest_route=\/wp\/v2\/types\/post"}],"author":[{"embeddable":true,"href":"https:\/\/palavradeamorpalavra.sallep.net\/index.php?rest_route=\/wp\/v2\/users\/2"}],"replies":[{"embeddable":true,"href":"https:\/\/palavradeamorpalavra.sallep.net\/index.php?rest_route=%2Fwp%2Fv2%2Fcomments&post=4939"}],"version-history":[{"count":3,"href":"https:\/\/palavradeamorpalavra.sallep.net\/index.php?rest_route=\/wp\/v2\/posts\/4939\/revisions"}],"predecessor-version":[{"id":4943,"href":"https:\/\/palavradeamorpalavra.sallep.net\/index.php?rest_route=\/wp\/v2\/posts\/4939\/revisions\/4943"}],"wp:attachment":[{"href":"https:\/\/palavradeamorpalavra.sallep.net\/index.php?rest_route=%2Fwp%2Fv2%2Fmedia&parent=4939"}],"wp:term":[{"taxonomy":"category","embeddable":true,"href":"https:\/\/palavradeamorpalavra.sallep.net\/index.php?rest_route=%2Fwp%2Fv2%2Fcategories&post=4939"},{"taxonomy":"post_tag","embeddable":true,"href":"https:\/\/palavradeamorpalavra.sallep.net\/index.php?rest_route=%2Fwp%2Fv2%2Ftags&post=4939"}],"curies":[{"name":"wp","href":"https:\/\/api.w.org\/{rel}","templated":true}]}}