{"id":4945,"date":"2020-11-20T22:54:28","date_gmt":"2020-11-20T22:54:28","guid":{"rendered":"http:\/\/palavradeamorpalavra.sallep.net\/?p=4945"},"modified":"2022-11-17T05:54:21","modified_gmt":"2022-11-17T05:54:21","slug":"o-que-fizestes-a-um-dos-meus-irmaos-mais-pequeninos-a-mim-o-fizestes","status":"publish","type":"post","link":"https:\/\/palavradeamorpalavra.sallep.net\/?p=4945","title":{"rendered":"\u00abO que fizestes a um dos meus irm\u00e3os mais pequeninos, a Mim o fizestes\u00bb"},"content":{"rendered":"<p><a href=\"http:\/\/palavradeamorpalavra.sallep.net\/wp-content\/uploads\/2020\/11\/57aaa-O-que-fizestes-a-um-dos-meus-irmaos-mais-pequeninos-a-Mim-o-fizestes.png\"><img fetchpriority=\"high\" decoding=\"async\" class=\"aligncenter size-full wp-image-4946\" src=\"http:\/\/palavradeamorpalavra.sallep.net\/wp-content\/uploads\/2020\/11\/57aaa-O-que-fizestes-a-um-dos-meus-irmaos-mais-pequeninos-a-Mim-o-fizestes.png\" alt=\"\" width=\"3796\" height=\"3761\" srcset=\"https:\/\/palavradeamorpalavra.sallep.net\/wp-content\/uploads\/2020\/11\/57aaa-O-que-fizestes-a-um-dos-meus-irmaos-mais-pequeninos-a-Mim-o-fizestes.png 3796w, https:\/\/palavradeamorpalavra.sallep.net\/wp-content\/uploads\/2020\/11\/57aaa-O-que-fizestes-a-um-dos-meus-irmaos-mais-pequeninos-a-Mim-o-fizestes-300x297.png 300w, https:\/\/palavradeamorpalavra.sallep.net\/wp-content\/uploads\/2020\/11\/57aaa-O-que-fizestes-a-um-dos-meus-irmaos-mais-pequeninos-a-Mim-o-fizestes-1024x1015.png 1024w, https:\/\/palavradeamorpalavra.sallep.net\/wp-content\/uploads\/2020\/11\/57aaa-O-que-fizestes-a-um-dos-meus-irmaos-mais-pequeninos-a-Mim-o-fizestes-150x150.png 150w, https:\/\/palavradeamorpalavra.sallep.net\/wp-content\/uploads\/2020\/11\/57aaa-O-que-fizestes-a-um-dos-meus-irmaos-mais-pequeninos-a-Mim-o-fizestes-768x761.png 768w, https:\/\/palavradeamorpalavra.sallep.net\/wp-content\/uploads\/2020\/11\/57aaa-O-que-fizestes-a-um-dos-meus-irmaos-mais-pequeninos-a-Mim-o-fizestes-1536x1522.png 1536w, https:\/\/palavradeamorpalavra.sallep.net\/wp-content\/uploads\/2020\/11\/57aaa-O-que-fizestes-a-um-dos-meus-irmaos-mais-pequeninos-a-Mim-o-fizestes-2048x2029.png 2048w, https:\/\/palavradeamorpalavra.sallep.net\/wp-content\/uploads\/2020\/11\/57aaa-O-que-fizestes-a-um-dos-meus-irmaos-mais-pequeninos-a-Mim-o-fizestes-1024x1015-50x50.png 50w, https:\/\/palavradeamorpalavra.sallep.net\/wp-content\/uploads\/2020\/11\/57aaa-O-que-fizestes-a-um-dos-meus-irmaos-mais-pequeninos-a-Mim-o-fizestes-1024x1015-398x394.png 398w\" sizes=\"(max-width: 3796px) 100vw, 3796px\" \/><\/a><\/p>\n<p><strong><u>Ez <\/u><\/strong><u>34<\/u><u>,<\/u><u> 12.15-16<\/u>:<strong><em> \u201cEis o que diz o Senhor Deus: \u00abEu pr\u00f3prio irei em busca das minhas ovelhas e hei de encontr\u00e1-las\u2026 Eu apascentarei as minhas ovelhas, Eu as levarei a repousar, diz o Senhor Deus. Hei de procurar a que anda perdida\u2026 Tratarei a que estiver ferida, darei vigor \u00e0 que andar enfraquecida e velarei pela gorda e vigorosa\u2026\u201d. <\/em><\/strong><strong>\/\/<\/strong> <strong><u>1Cor<\/u><\/strong><u> 15<\/u><u>,<\/u><u>20.22.25-26<\/u>:<strong><em> \u201cIrm\u00e3os: Cristo ressuscitou dos mortos, como prim\u00edcias dos que morreram\u2026 do mesmo modo que em Ad\u00e3o todos morreram, assim tamb\u00e9m, em Cristo, todos ser\u00e3o restitu\u00eddos \u00e0 vida\u2026 \u00c9 necess\u00e1rio que Ele reine, at\u00e9 que tenha posto todos os inimigos debaixo dos seus p\u00e9s. E o \u00faltimo inimigo a ser aniquilado \u00e9 a morte\u201d.<\/em> \/\/ <u>Mt <\/u><\/strong><u>25,<\/u><u>34.40<\/u>:<strong><em> \u201c\u2026Ent\u00e3o o Rei lhes dir\u00e1: \u00abVinde, benditos de meu Pai; recebei como heran\u00e7a o reino que vos est\u00e1 preparado desde a cria\u00e7\u00e3o do mundo \u2026 Em verdade vos digo: <u>O que fizestes a um dos meus irm\u00e3os mais pequeninos, a Mim o fizestes<\/u>\u00bb\u2026\u201d.<\/em><\/strong><\/p>\n<p><strong>\u00a0<\/strong><\/p>\n<p><strong>D \u2013<\/strong><strong> \u00abEU APASCENTAREI AS MINHAS OVELHAS\u2026 <\/strong><strong>TRATAREI A QUE ESTIVER FERIDA, DAREI VIGOR \u00c0 QUE ANDAR ABATIDA\u2026\u00bb (Ez 34)<\/strong><\/p>\n<p><strong>O \u2013<\/strong> <strong>CRISTO RESSUSCITOU DOS MORTOS, COMO PRIM\u00cdCIAS DOS QUE MORRERAM. E N\u2019ELE, TODOS SER\u00c3O RESTITU\u00cdDOS \u00c0 VIDA<\/strong> <strong>(1Cor 15)<\/strong><\/p>\n<p><strong>C \u2013<\/strong><strong> \u00ab<\/strong><strong>EM VERDADE VOS DIGO: O QUE FIZESTES A UM DOS MEUS IRM\u00c3OS MAIS PEQUENINOS \u00c9 A MIM QUE O FIZESTES\u2026\u00bb (Mt 25)<\/strong><\/p>\n<p><strong>\u00a0<\/strong><\/p>\n<p><strong>O <\/strong>\u2013 N\u00e3o \u00e9 f\u00e1cil compreender que o Deus do AT fosse capaz de apascentar um rebanho\u2026 Como \u00e9 que Ele havia de procurar uma ovelha perdida\u2026 fazer um curativo \u00e0 que estiver ferida\u2026 dar um suplemento aliment\u00edcio \u00e0 que andar mais fraca\u2026 proteger e velar pela que estiver saud\u00e1vel e vigorosa\u2026?<\/p>\n<p><strong>C <\/strong>\u2013 Claro que o profeta Ezequiel, inspirado por Deus, estava a pensar e a falar no futuro Messias, que seria o pr\u00f3prio Deus feito homem. Ent\u00e3o sim, como Bom Pastor, pode fazer tudo isso e muito mais pelo Seu rebanho\u2026 at\u00e9 <em>\u201cdar a vida <\/em>\u2013 sim, isso mesmo! \u2013 <em>pelas suas ovelhas\u201d!<\/em><\/p>\n<p><strong>O <\/strong>\u2013 Por\u00e9m, tamb\u00e9m isto de \u201cdar a vida pelas ovelhas\u201d n\u00e3o se compreende facilmente. Pois se o pastor morrer assim, v\u00edtima dos lobos, tamb\u00e9m, com ele, morreriam todas as ovelhas. N\u00e3o \u00e9?<\/p>\n<p><strong>C <\/strong>\u2013 Mas \u00e9 S. Paulo quem o esclarece, escrevendo aos crist\u00e3os de Corinto: <em>\u201cCristo ressuscitou dos mortos, como prim\u00edcias dos que morreram\u2026 assim tamb\u00e9m, em Cristo, todos ser\u00e3o restitu\u00eddos \u00e0 vida\u2026\u201d<\/em>.<\/p>\n<p><strong>D <\/strong>\u2013 Ningu\u00e9m esque\u00e7a \u2013 mesmo assim \u2013 que, somente quem tiver e quiser <em>aceitar o dom<\/em> da F\u00e9, \u00e9 que <em>poder\u00e1 assumir<\/em> este <em>mist\u00e9rio da Ressurrei\u00e7\u00e3o<\/em> \u2013 <em>particular<\/em> e <em>universal<\/em> \u2013 com todas as suas consequ\u00eancias!\u2026<\/p>\n<p><strong>C <\/strong>\u2013 Nada disto, por\u00e9m, teria <em>sentido pleno<\/em> para poder ser explicado, se n\u00e3o fosse porque \u2013 felizmente! \u2013 neste nosso <em>caso humano<\/em>, o pr\u00f3prio <em>\u2018pastor\u2019<\/em>, Cristo Jesus, est\u00e1 <em>encarnado<\/em> em todas e cada uma das <em>\u2018ovelhas\u2019<\/em>. Ou ent\u00e3o, que significa: <em>\u201cO que fizestes a um dos meus irm\u00e3os\u2026 \u00e9 a Mim que o fizestes\u201d!?<\/em><\/p>\n<p><strong>\u00a0<\/strong><\/p>\n<p><strong>\u0092<\/strong> <strong>X &#8212; N\u00e3o vos parece \u2013 como algu\u00e9m perguntaria \u2013 <em>\u2018que necessitar\u00edamos mil vidas\u2019<\/em> para chegarmos a aceitar, compreender, assumir este <em>mist\u00e9rio espantoso<\/em> da Encarna\u00e7\u00e3o de Deus em cada ser humano, pela simples raz\u00e3o de que Ele assim o quis ao criar-nos (\u2018gerar-nos\u2019!)? E mais! Para que n\u00e3o tiv\u00e9ssemos d\u00favida e o entend\u00eassemos melhor, digamos como que Deus \u201cinventou\u201d(!) a <em>Pessoa de Jesus<\/em> \u2013 como Filho Primog\u00e9nito \u2013 em quem Se encarnou de forma \u2018radical\u2019, como <em>\u00abmodelo exemplar\u00bb<\/em>, ou <em>\u201ccomo prim\u00edcia\u201d<\/em> (em express\u00e3o de Paulo) de todas as Suas \u201cencarna\u00e7\u00f5es\u201d, em cada ser humano\u2026 Claro que esta <em>linguagem<\/em> \u2013 pela sua ousadia \u2013 pareceria uma \u2018blasf\u00e9mia\u2019, se n\u00e3o fosse o mesmo Cristo Jesus a reconhecer esta <em>\u201cdiviniza\u00e7\u00e3o humana\u201d<\/em> quando afirma naquele interessante <em>Texto<\/em> (j\u00e1 referido outras vezes) e, de mais a mais<em>, interpretando Ele pr\u00f3prio<\/em> as Escrituras do AT: <em>\u201cJesus respondeu-lhes: \u00abN\u00e3o est\u00e1 escrito na vossa Lei (Sl 81\/82,<\/em><\/strong><strong><em>6<\/em><\/strong><strong><em>): \u2018Eu disse: v\u00f3s sois deuses\u2019? Se ela chamou deuses \u00e0queles a quem se dirigiu a palavra de Deus \u2013 e a Escritura n\u00e3o se pode p\u00f4r em d\u00favida \u2013 a Mim, a quem o Pai consagrou e enviou ao mundo, como \u00e9 que dizeis: \u2018Tu blasfemas\u2019, por Eu ter dito: \u2018Sou Filho de Deus\u2019\u00bb?\u201d (Jo 10, <\/em><\/strong><strong><em>34-36<\/em><\/strong><strong><em>).<\/em><\/strong><strong> \u00a0&#8212; Mas, aqui e agora, Jesus, calha-nos a n\u00f3s demonstrar que podemos atingir essa <em>meta<\/em> que Tu nos prop\u00f5es: o \u00abhomem\u2026\u2018divinizado\u2019\u00bb. Isto, j\u00e1 desde o ponto <em>de partida (!)<\/em> mas, sobretudo, crescendo at\u00e9 ao ponto <em>de chegada (!). <\/em>J\u00e1 Tu nos deste exemplo, Jesus, realizando o caminho inverso, ainda mais radical: o \u00abDeus\u2026\u2018humanizado\u2019\u00bb. Que seja o Teu Esp\u00edrito Santo a gerar em n\u00f3s esta <em>diviniza\u00e7\u00e3o!<\/em><\/strong><\/p>\n<p><strong>\u00a0<\/strong><\/p>\n<p><strong>&#8212;<\/strong> [<strong>\u266b<\/strong>] \u2013 <strong><u>ANT\u00cdFONA<\/u><\/strong><u>(S)<\/u><strong> <em>(~ \u2018Mantra<\/em><\/strong><em>(s)<strong>\u2019)<\/strong><\/em>:<\/p>\n<p>(<em>\u266a<\/em>) &#8211; <strong>\u00abEle est\u00e1 entre v\u00f3s e n\u00e3o O conheceis. Ele est\u00e1 entre v\u00f3s, seu nome \u00e9 \u2018o Senhor\u2019\u00bb.<\/strong>(2)<strong> \u2026<\/strong><strong>\u00a0\u00a0\u00a0\u00a0 <\/strong><\/p>\n<p>(<em>\u266a<\/em>) &#8211; <strong>\u00abNa minha fraqueza tornas-me forte; na minha fraqueza tornas-me forte. S\u00f3 no Teu amor me tornas forte. S\u00f3 na Tua vida me tornas forte. Na minha fraqueza fazes-Te for\u00e7a em mim!\u00bb \u2026<\/strong><\/p>\n<p>(<em>\u266a<\/em>) &#8211; <strong>\u00ab<\/strong><strong>Quem queira ser grande, quem queira ser o primeiro, seja o escravo de todos, seja o mais pequeno. Eu n\u00e3o\u00a0 vim p\u2019ra ser servido, Eu <u>vim para servir<\/u> e dar a vida por todos, para que todos possam viver<\/strong><sub>(2)<\/sub> <strong>em plenitude<\/strong><sub>(3)<\/sub>.<strong>\u00bb \u2026<\/strong><strong>\u00a0\u00a0\u00a0\u00a0 <\/strong><\/p>\n<p><em>\u00a0<\/em><\/p>\n<p><em>\u00a0<\/em><\/p>\n<p><strong><u>\u00abTEXTOS\u00bb \u00c0 LUZ DESTA <em>PALAVRA<\/em><\/u><\/strong><\/p>\n<p><strong><em>[ <\/em><\/strong><em><u>do Papa<\/u><\/em><em> \/ da <u>B\u00edblia<\/u> \/ <u>Outros<\/u> <strong>]<\/strong><\/em><\/p>\n<p><strong>&#8212; <\/strong><em><u>Papa Francisco<\/u><\/em><\/p>\n<p><em>\u00a0\u00a0\u00a0\u00a0 \u00a0\u00a0\u00a0\u00a0\u00a0\u00a0\u00a0\u00a0 \u00a0\u00a0\u00a0\u00a0\u00a0&#8211; <\/em><em>Acerca da\u00a0\u201c<u>Par\u00e1bola sobre o Ju\u00edzo Final<\/u>\u201d\u00a0(Mt 25,31-46)<\/em><\/p>\n<p>\u00ab\u2026 Ent\u00e3o, Jesus diz-lhes: <em>\u201cVinde, benditos de meu Pai, tomai posse do Reino que vos foi preparado desde a cria\u00e7\u00e3o do mundo, porque tive fome e destes-me de comer; tive sede e destes-me de beber; era peregrino e acolhestes-me; nu e vestistes-me; enfermo e visitastes-me; estava na pris\u00e3o e viestes ter comigo\u201d (vv. 34-36)<\/em>. Os justos ficam surpreendidos, porque n\u00e3o se recordam de um dia ter encontrado Jesus, e muito menos de o ter ajudado desse modo; mas Ele declara: <em>\u201cTodas as vezes que fizestes isto a um destes meus irm\u00e3os mais pequeninos, foi a mim mesmo que o fizestes\u201d (v. 40)<\/em>. Esta palavra nunca deixa de nos impressionar, porque nos revela at\u00e9 que ponto chega o amor de Deus: a ponto de se identificar connosco. Contudo n\u00e3o s\u00f3 quando estamos bem, quando estamos sadios e felizes, mas quando estamos em necessidade. \u00c9 desta forma escondida que Ele se deixa encontrar, que nos estende a m\u00e3o como mendigo. \u00c9 assim que Jesus revela o crit\u00e9rio decisivo do seu ju\u00edzo, ou seja, o amor concreto pelo pr\u00f3ximo em dificuldade. Revela-se assim o poder do amor, a realeza de Deus: solid\u00e1rio com quantos sofrem, para suscitar em toda a parte atitudes e obras de miseric\u00f3rdia.<\/p>\n<p>A par\u00e1bola do ju\u00edzo prossegue, apresentando o rei que afasta de si quantos, durante a pr\u00f3pria vida, n\u00e3o se preocuparam com as necessidades dos irm\u00e3os. Tamb\u00e9m neste caso, eles ficam surpreendidos e perguntam: <em>\u201cSenhor, quando foi que te vimos com fome, com sede, peregrino, nu, enfermo, ou na pris\u00e3o, e n\u00e3o te socorremos?\u201d (v. 44).<\/em> Est\u00e1 subentendido: \u2018Se te tiv\u00e9ssemos visto, certamente ter-te-\u00edamos ajudado!\u2019. Mas o rei responder\u00e1: <em>\u201cTodas as vezes que deixastes de fazer isso a um destes pequeninos, foi a mim mesmo que o deixastes de fazer\u201d (v. 45)<\/em>.<\/p>\n<p>No final da nossa vida, seremos julgados sobre o amor, ou seja, sobre o nosso compromisso concreto de amar e servir Jesus nos nossos irm\u00e3os mais pequeninos e necessitados. Aquele mendigo, esse necessitado que estende a m\u00e3o \u00e9 Jesus; aquele doente que devo visitar \u00e9 Jesus; esse preso \u00e9 Jesus; aquele faminto \u00e9 Jesus. Pensemos nisto!<\/p>\n<p>\u00c9 verdade que Jesus vir\u00e1 no fim dos tempos para julgar todas as na\u00e7\u00f5es, mas, de facto, vem ter connosco <em>todos os dias<\/em>, de muitas maneiras, e pede-nos que o acolhamos.<\/p>\n<p>A Virgem Maria nos ajude a encontr\u00e1-lo e a receb\u00ea-lo na sua Palavra e na Eucaristia, e ao mesmo tempo <em>nos irm\u00e3os e nas irm\u00e3s<\/em> que sofrem a fome, a doen\u00e7a, a opress\u00e3o e a injusti\u00e7a. Que os nossos cora\u00e7\u00f5es O acolham no hoje da nossa vida, para sermos por Ele recebidos na eternidade do seu Reino de luz e de paz\u00bb.<\/p>\n<p><em>[ No <\/em><strong><em>Angelus<\/em><\/strong><em> &#8211; (Pra\u00e7a de S. Pedro) &#8211; 26.11.2017 ]<\/em><\/p>\n<p>&nbsp;<\/p>\n<p>\/\/ <em>PARA outras REFLEX\u00d5ES AFINS:<\/em>\u00a0 <a href=\"http:\/\/palavradeamorpalavra.sallep.net\">http:\/\/palavradeamorpalavra.sallep.net<\/a><\/p>\n","protected":false},"excerpt":{"rendered":"<p>Ez 34, 12.15-16: \u201cEis o que diz o Senhor Deus: \u00abEu pr\u00f3prio irei em busca das minhas ovelhas e hei de encontr\u00e1-las\u2026 Eu apascentarei as minhas ovelhas, Eu as levarei a repousar, diz o Senhor Deus. Hei de procurar a que anda perdida\u2026 Tratarei a que estiver ferida, darei vigor \u00e0 que andar enfraquecida e [&hellip;]<\/p>\n","protected":false},"author":2,"featured_media":0,"comment_status":"open","ping_status":"open","sticky":false,"template":"","format":"standard","meta":{"footnotes":""},"categories":[6],"tags":[],"class_list":["post-4945","post","type-post","status-publish","format-standard","hentry","category-refletida","has-post-title","has-post-date","has-post-category","has-post-tag","has-post-comment","has-post-author",""],"builder_content":"","_links":{"self":[{"href":"https:\/\/palavradeamorpalavra.sallep.net\/index.php?rest_route=\/wp\/v2\/posts\/4945","targetHints":{"allow":["GET"]}}],"collection":[{"href":"https:\/\/palavradeamorpalavra.sallep.net\/index.php?rest_route=\/wp\/v2\/posts"}],"about":[{"href":"https:\/\/palavradeamorpalavra.sallep.net\/index.php?rest_route=\/wp\/v2\/types\/post"}],"author":[{"embeddable":true,"href":"https:\/\/palavradeamorpalavra.sallep.net\/index.php?rest_route=\/wp\/v2\/users\/2"}],"replies":[{"embeddable":true,"href":"https:\/\/palavradeamorpalavra.sallep.net\/index.php?rest_route=%2Fwp%2Fv2%2Fcomments&post=4945"}],"version-history":[{"count":3,"href":"https:\/\/palavradeamorpalavra.sallep.net\/index.php?rest_route=\/wp\/v2\/posts\/4945\/revisions"}],"predecessor-version":[{"id":4949,"href":"https:\/\/palavradeamorpalavra.sallep.net\/index.php?rest_route=\/wp\/v2\/posts\/4945\/revisions\/4949"}],"wp:attachment":[{"href":"https:\/\/palavradeamorpalavra.sallep.net\/index.php?rest_route=%2Fwp%2Fv2%2Fmedia&parent=4945"}],"wp:term":[{"taxonomy":"category","embeddable":true,"href":"https:\/\/palavradeamorpalavra.sallep.net\/index.php?rest_route=%2Fwp%2Fv2%2Fcategories&post=4945"},{"taxonomy":"post_tag","embeddable":true,"href":"https:\/\/palavradeamorpalavra.sallep.net\/index.php?rest_route=%2Fwp%2Fv2%2Ftags&post=4945"}],"curies":[{"name":"wp","href":"https:\/\/api.w.org\/{rel}","templated":true}]}}