{"id":4950,"date":"2020-11-27T21:21:02","date_gmt":"2020-11-27T21:21:02","guid":{"rendered":"http:\/\/palavradeamorpalavra.sallep.net\/?p=4950"},"modified":"2022-11-17T09:47:12","modified_gmt":"2022-11-17T09:47:12","slug":"tu-porem-senhor-es-nosso-pai-2","status":"publish","type":"post","link":"https:\/\/palavradeamorpalavra.sallep.net\/?p=4950","title":{"rendered":"\u00abTu, por\u00e9m, Senhor, \u00e9s nosso Pai\u00bb"},"content":{"rendered":"<p><a href=\"http:\/\/palavradeamorpalavra.sallep.net\/wp-content\/uploads\/2020\/11\/1bb-Tu-porem-Senhor-es-nosso-Pai....jpg\"><img fetchpriority=\"high\" decoding=\"async\" class=\"aligncenter size-full wp-image-4951\" src=\"http:\/\/palavradeamorpalavra.sallep.net\/wp-content\/uploads\/2020\/11\/1bb-Tu-porem-Senhor-es-nosso-Pai....jpg\" alt=\"\" width=\"866\" height=\"960\" srcset=\"https:\/\/palavradeamorpalavra.sallep.net\/wp-content\/uploads\/2020\/11\/1bb-Tu-porem-Senhor-es-nosso-Pai....jpg 866w, https:\/\/palavradeamorpalavra.sallep.net\/wp-content\/uploads\/2020\/11\/1bb-Tu-porem-Senhor-es-nosso-Pai...-271x300.jpg 271w, https:\/\/palavradeamorpalavra.sallep.net\/wp-content\/uploads\/2020\/11\/1bb-Tu-porem-Senhor-es-nosso-Pai...-768x851.jpg 768w, https:\/\/palavradeamorpalavra.sallep.net\/wp-content\/uploads\/2020\/11\/1bb-Tu-porem-Senhor-es-nosso-Pai...-398x441.jpg 398w\" sizes=\"(max-width: 866px) 100vw, 866px\" \/><\/a><\/p>\n<p><strong>\u2013\u00a0<em>A<\/em>\u00a0<em>PALAVRA, Refletida<\/em>\u00a0ao ritmo Lit\u00fargico \u2013<\/strong><\/p>\n<p><em>(Ciclo B \u2013 Domingo 1 do Advento)<\/em><\/p>\n<p><em><strong>\u00a0<\/strong><\/em><\/p>\n<p><em><strong>\u201cS\u00f3 Tu, Senhor, \u00e9s o nosso Pai; e o Teu nome \u00e9, desde sempre, \u00abnosso Redentor\u00bb\u2026 Porque nos deixas, Senhor, desviar dos Teus caminhos e endurecer o nosso cora\u00e7\u00e3o? (\u2026) Todos n\u00f3s ca\u00edmos como folhas secas; as nossas faltas nos levavam como o vento\u2026\u00a0<u>Tu, por\u00e9m, Senhor, \u00e9s nosso Pai<\/u>, e n\u00f3s o barro de que \u00e9s o Oleiro; somos, todos, obra das Tuas m\u00e3os\u201d\u2026 (Is 63,16.17; 64,5.7\u00a0\/ 1\u00aa L.).<\/strong><\/em><\/p>\n<p>&nbsp;<\/p>\n<p>Este\u00a0<em><strong>Texto\u00a0<\/strong><\/em>\u2013 tirado do\u00a0<em>terceiro\u00a0<\/em>livro de Isa\u00edas (ou \u201cTerceiro Isa\u00edas\u201d \u2013 caps.\u00a0<strong>56<\/strong>\u00a0a\u00a0<strong>66<\/strong>) \u2013 consta de alguns \u201cexcertos\u201d pertencentes a um \u00abpoema\u00bb (<strong>63<\/strong>,7 a\u00a0<strong>64<\/strong>,11) com forma de\u00a0<em>\u201csalmo\u201d<\/em>\u00a0de s\u00faplica coletiva, do g\u00e9nero das \u00abmedita\u00e7\u00f5es hist\u00f3ricas\u00bb\u2026 Trata-se, ent\u00e3o, de uma ora\u00e7\u00e3o confiada, em di\u00e1logo\u00a0<em>familiar<\/em>\u00a0com Jav\u00e9-Deus (tratado por \u201ctu\u201d, no original)\u2026 E para entender melhor o \u201ccontexto\u201d do que vamos\u00a0<em>refletir<\/em>, copiamos aqui, essa parte do<em>\u00a0vers\u00edculo,<\/em>\u00a0anterior ao in\u00edcio desta\u00a0<em>1\u00aa Leitura<\/em>, e que n\u00e3o est\u00e1 inclu\u00edda nela:\u00a0<em>\u201cMas Tu \u00e9s o nosso pai! Pois Abra\u00e3o n\u00e3o nos conhece e Israel tamb\u00e9m nos ignora. S\u00f3 Tu, Senhor,\u2026\u201d<strong>.<\/strong><\/em><\/p>\n<p>&nbsp;<\/p>\n<p>A \u2013 J\u00e1 agora, a primeira coisa que nos chama a aten\u00e7\u00e3o \u00e9 precisamente esta afirma\u00e7\u00e3o \u2013\u00a0<em>impens\u00e1vel<\/em>\u00a0em boca de um\u00a0<em>israelita<\/em>\u00a0\u2013 ao criticar\u00a0<em>\u201cAbra\u00e3o\u201d e \u201cIsrael\u201d\u00a0<\/em>com essas duras palavras\u2026<\/p>\n<p>B \u2013 E ainda por cima para\u00a0<em>justificar<\/em>\u00a0que, por tal motivo, h\u00e3o de acudir a Deus e trat\u00e1-l\u2019O por\u00a0<em>seu Pai,<\/em>\u00a0de uma maneira \u201cfamiliar\u201d, e repetindo-o por duas e at\u00e9 tr\u00eas vezes,\u00a0<em>\u201cS\u00f3 Tu \u00e9s o nosso Pai!\u201d\u2026<\/em><\/p>\n<p>A \u2013 M\u00e1xime quando resulta t\u00e3o raro, em todo o Antigo Testamento, atribuir a Jav\u00e9-Deus o nome de \u00abPai\u00bb (talvez s\u00f3 mais uma ou duas vezes). Sabemos que seria Jesus, no NT, a\u00a0<em>revelar-nos<\/em>\u00a0Deus como o verdadeiro \u201cPai nosso\u201d, ensinando-nos a chamar-Lhe sempre, carinhosamente,\u00a0<em>\u201cAbb\u00e1\u201d-<\/em>PAI!<\/p>\n<p>B \u2013 Ent\u00e3o, o profeta, nesse ambiente de confian\u00e7a filial, e interpretando o sentir coletivo, se acolhe a Deus como\u00a0<em>\u201cseu \u00fanico Pai\u201d<\/em>. E \u00e9 a\u00ed onde surge essa bela \u00abora\u00e7\u00e3o s\u00e1lmica\u00bb, rica em sentimentos de\u00a0<em>ousadia confiada<\/em>, de\u00a0<em>humildade filial<\/em>, de\u00a0<em>amorosa fidelidade\u00a0<\/em>\u2026<\/p>\n<p>A \u2013 E dado que o consideramos como \u201cnosso Pai\u201d e \u201cnosso Redentor\u201d, ousamos \u201cquestionar-Lhe\u201d pelo facto de nos ter\u00a0<em>\u201cdeixado endurecer o nosso cora\u00e7\u00e3o e desviar-nos dos Seus caminhos\u201d\u2026<\/em>\u00a0Ato de\u00a0<em>ousadia<\/em>\u00a0que \u00e9, ao mesmo tempo, sinal de sincera familiaridade e de filial confian\u00e7a.<\/p>\n<p>B \u2013 Reconhecemos, sincera e humildemente, que, deixando-nos\u00a0<em>\u201clevar pelos ventos\u201d\u00a0<\/em>das paix\u00f5es, fomos\u00a0<em>\u201ccaindo como folhas secas\u201d<\/em>\u00a0de outono. Mas sentimos pesar e franco arrependimento!\u2026<\/p>\n<p>A \u2013 E assim, conclui, como era de esperar, com uma express\u00e3o de d\u00f3cil entrega\u00a0<em>nas Suas m\u00e3os<\/em>, porque, apesar de tudo,\u00a0<em>\u201cTu, Senhor, \u00e9s nosso Pai, e n\u00f3s o barro de que \u00e9s o Oleiro\u201d<\/em>.<\/p>\n<p>&nbsp;<\/p>\n<p style=\"text-align: right;\"><u>A-B<\/u>:\u00a0<strong>Senhor Deus, verdadeiro e\u00a0<\/strong><em><strong>\u00fanico Pai nosso<\/strong><\/em><strong>,<\/strong><\/p>\n<p style=\"text-align: right;\"><strong>vamos rezar hoje com este profeta\u00a0<\/strong><em><strong>orante<\/strong><\/em><strong>, disc\u00edpulo fiel de Isa\u00edas:<\/strong><\/p>\n<p style=\"text-align: right;\"><em><strong>\u00abAs tuas miseric\u00f3rdias, \u00f3 Jav\u00e9, queremos recordar;<\/strong><\/em><\/p>\n<p style=\"text-align: right;\"><em><strong>e os Teus louvores, Senhor, por todo o bem que nos fizeste\u2026\u00bb<\/strong><\/em><strong>.<\/strong><\/p>\n<p style=\"text-align: right;\"><strong>Mas tamb\u00e9m ficamos entregues nas Tuas m\u00e3os amorosas<\/strong><em><strong>,<\/strong><\/em><\/p>\n<p style=\"text-align: right;\"><strong>pois afinal,<\/strong><em><strong>\u00a0\u00abn\u00f3s somos barro entre os Teus dedos, \u00f3 Divino Oleiro\u00bb<\/strong><\/em><strong>!<\/strong><\/p>\n<p><strong>\u00a0\u00a0<\/strong><\/p>\n<p>\/\/\u00a0<em>PARA uma outra REFLEX\u00c3O ALARGADA:<\/em> <a href=\"http:\/\/palavradeamorpalavra.sallep.net\">http:\/\/palavradeamorpalavra.sallep.net<\/a><\/p>\n","protected":false},"excerpt":{"rendered":"<p>\u2013\u00a0A\u00a0PALAVRA, Refletida\u00a0ao ritmo Lit\u00fargico \u2013 (Ciclo B \u2013 Domingo 1 do Advento) \u00a0 \u201cS\u00f3 Tu, Senhor, \u00e9s o nosso Pai; e o Teu nome \u00e9, desde sempre, \u00abnosso Redentor\u00bb\u2026 Porque nos deixas, Senhor, desviar dos Teus caminhos e endurecer o nosso cora\u00e7\u00e3o? (\u2026) Todos n\u00f3s ca\u00edmos como folhas secas; as nossas faltas nos levavam como [&hellip;]<\/p>\n","protected":false},"author":2,"featured_media":0,"comment_status":"open","ping_status":"open","sticky":false,"template":"","format":"standard","meta":{"footnotes":""},"categories":[6],"tags":[],"class_list":["post-4950","post","type-post","status-publish","format-standard","hentry","category-refletida","has-post-title","has-post-date","has-post-category","has-post-tag","has-post-comment","has-post-author",""],"builder_content":"","_links":{"self":[{"href":"https:\/\/palavradeamorpalavra.sallep.net\/index.php?rest_route=\/wp\/v2\/posts\/4950","targetHints":{"allow":["GET"]}}],"collection":[{"href":"https:\/\/palavradeamorpalavra.sallep.net\/index.php?rest_route=\/wp\/v2\/posts"}],"about":[{"href":"https:\/\/palavradeamorpalavra.sallep.net\/index.php?rest_route=\/wp\/v2\/types\/post"}],"author":[{"embeddable":true,"href":"https:\/\/palavradeamorpalavra.sallep.net\/index.php?rest_route=\/wp\/v2\/users\/2"}],"replies":[{"embeddable":true,"href":"https:\/\/palavradeamorpalavra.sallep.net\/index.php?rest_route=%2Fwp%2Fv2%2Fcomments&post=4950"}],"version-history":[{"count":2,"href":"https:\/\/palavradeamorpalavra.sallep.net\/index.php?rest_route=\/wp\/v2\/posts\/4950\/revisions"}],"predecessor-version":[{"id":4953,"href":"https:\/\/palavradeamorpalavra.sallep.net\/index.php?rest_route=\/wp\/v2\/posts\/4950\/revisions\/4953"}],"wp:attachment":[{"href":"https:\/\/palavradeamorpalavra.sallep.net\/index.php?rest_route=%2Fwp%2Fv2%2Fmedia&parent=4950"}],"wp:term":[{"taxonomy":"category","embeddable":true,"href":"https:\/\/palavradeamorpalavra.sallep.net\/index.php?rest_route=%2Fwp%2Fv2%2Fcategories&post=4950"},{"taxonomy":"post_tag","embeddable":true,"href":"https:\/\/palavradeamorpalavra.sallep.net\/index.php?rest_route=%2Fwp%2Fv2%2Ftags&post=4950"}],"curies":[{"name":"wp","href":"https:\/\/api.w.org\/{rel}","templated":true}]}}