{"id":4957,"date":"2020-11-27T21:40:02","date_gmt":"2020-11-27T21:40:02","guid":{"rendered":"http:\/\/palavradeamorpalavra.sallep.net\/?p=4957"},"modified":"2022-11-19T15:34:34","modified_gmt":"2022-11-19T15:34:34","slug":"senhor-sois-o-nosso-pai-e-nos-o-barro-de-que-sois-o-oleiro","status":"publish","type":"post","link":"https:\/\/palavradeamorpalavra.sallep.net\/?p=4957","title":{"rendered":"\u00abSenhor, sois o nosso Pai, e n\u00f3s o barro de que sois o Oleiro\u00bb"},"content":{"rendered":"<p><a href=\"http:\/\/palavradeamorpalavra.sallep.net\/wp-content\/uploads\/2020\/11\/1bbb-Senhor-sois-o-nosso-Pai-e-nos-o-barro-de-que-sois-o-Oleiro.png\"><img fetchpriority=\"high\" decoding=\"async\" class=\"aligncenter size-full wp-image-4955\" src=\"http:\/\/palavradeamorpalavra.sallep.net\/wp-content\/uploads\/2020\/11\/1bbb-Senhor-sois-o-nosso-Pai-e-nos-o-barro-de-que-sois-o-Oleiro.png\" alt=\"\" width=\"3602\" height=\"5263\" srcset=\"https:\/\/palavradeamorpalavra.sallep.net\/wp-content\/uploads\/2020\/11\/1bbb-Senhor-sois-o-nosso-Pai-e-nos-o-barro-de-que-sois-o-Oleiro.png 3602w, https:\/\/palavradeamorpalavra.sallep.net\/wp-content\/uploads\/2020\/11\/1bbb-Senhor-sois-o-nosso-Pai-e-nos-o-barro-de-que-sois-o-Oleiro-205x300.png 205w, https:\/\/palavradeamorpalavra.sallep.net\/wp-content\/uploads\/2020\/11\/1bbb-Senhor-sois-o-nosso-Pai-e-nos-o-barro-de-que-sois-o-Oleiro-701x1024.png 701w, https:\/\/palavradeamorpalavra.sallep.net\/wp-content\/uploads\/2020\/11\/1bbb-Senhor-sois-o-nosso-Pai-e-nos-o-barro-de-que-sois-o-Oleiro-768x1122.png 768w, https:\/\/palavradeamorpalavra.sallep.net\/wp-content\/uploads\/2020\/11\/1bbb-Senhor-sois-o-nosso-Pai-e-nos-o-barro-de-que-sois-o-Oleiro-1051x1536.png 1051w, https:\/\/palavradeamorpalavra.sallep.net\/wp-content\/uploads\/2020\/11\/1bbb-Senhor-sois-o-nosso-Pai-e-nos-o-barro-de-que-sois-o-Oleiro-1402x2048.png 1402w, https:\/\/palavradeamorpalavra.sallep.net\/wp-content\/uploads\/2020\/11\/1bbb-Senhor-sois-o-nosso-Pai-e-nos-o-barro-de-que-sois-o-Oleiro-701x1024-398x581.png 398w\" sizes=\"(max-width: 3602px) 100vw, 3602px\" \/><\/a><\/p>\n<p>Quem podia imaginar esta <em>crise de sa\u00fade<\/em> universal<\/p>\n<p>que chamamos \u201cpandemia\u201d (ou seja, de \u201ctodo-o-povo\u201d)!?<\/p>\n<p>Se n\u00e3o fomos capazes de prever esta magna \u2018desgra\u00e7a\u2019<\/p>\n<p>(embora apenas material e <em>esp\u00e1cio-temporal<\/em>)<\/p>\n<p>como \u00e9 que vamos estar prevenidos e vigilantes<\/p>\n<p>\u2013 em vez de vivermos <em>\u2018alegremente ausentes\u2019 <\/em>\u2013<\/p>\n<p>a respeito da nossa <em>Sa\u00fade Eterna,<\/em><\/p>\n<p>que \u00e9 duma outra magnitude e <em>dimens\u00e3o!?<\/em>&#8230;<\/p>\n<p>Este \u201cdono da casa\u201d \u2013 <em>agora, o tal \u2018coronav\u00edrus\u2019<\/em> \u2013<\/p>\n<p>chegou, inesperado, sem pr\u00e9vio aviso!<\/p>\n<p>De maneira semelhante \u2013 e <em>\u201cem dia e hora que n\u00e3o sabemos\u201d<\/em> \u2013<\/p>\n<p>vai chegar o Outro, o Verdadeiro Dono e Senhor,<\/p>\n<p>que tamb\u00e9m \u00e9 <em>\u201cnosso Pai e Oleiro\u201d!<\/em><\/p>\n<p>Estaremos n\u00f3s assim, preparados e vigilantes?<\/p>\n<p>Ser\u00e1 que vamos conseguir ser <em>d\u00f3ceis e male\u00e1veis<\/em>,<\/p>\n<p>nas <em>suas m\u00e3os<\/em> \u2013 no Seu Cora\u00e7\u00e3o! \u2013 para que possa moldar,<\/p>\n<p>em cada um de n\u00f3s, essa \u2018obra \u00fanica e irrepet\u00edvel\u2019!?<\/p>\n<p>O que \u00e9 que vamos fazer para permitir que o nosso \u201cPAI-oleiro\u201d<\/p>\n<p>transforme, este \u2018barro argiloso\u2019 e ausente, que n\u00f3s somos,<\/p>\n<p>nessa <em>\u201cObra-prima\u201d<\/em> que Ele \u2018sonhou\u2019 para cada um!?<\/p>\n<p><strong>\u00ab<\/strong> <strong>\u00a0<\/strong>\u00d3 Maria \u2013 <strong>M\u00e3e<\/strong> e \u00ab<strong>Senhora de F\u00e1tima<\/strong>\u00bb \u2013: Podemos imaginar<\/p>\n<p>como seria a tua docilidade \u2018flex\u00edvel\u2019 de <em>\u201chumilde serva\u201d<\/em><\/p>\n<p>\u2013 sempre vigilante e disposta, nas m\u00e3os do Divino Oleiro \u2013<\/p>\n<p>pois s\u00f3 assim <em>\u201co Todo-poderoso p\u00f4de fazer em Ti maravilhas\u201d!&#8230;<\/em><\/p>\n<p>Mas n\u00f3s, os teus filhos, contamos com o teu <em>\u201cCora\u00e7\u00e3o Imaculado\u201d<\/em><\/p>\n<p>( que Tu nos disseste &#8211; desde a<em> \u2018Azinheira\u2019<\/em> &#8211; : <em>\u201cAfinal triunfar\u00e1!\u201d <\/em>)<\/p>\n<p>para aprendermos a imitar a tua <em>humildade e disponibilidade<\/em>,<\/p>\n<p>j\u00e1 que s\u00f3 assim seremos <em>moldados e transformados<\/em><\/p>\n<p>na obra maravilhosa que o Pai-Deus \u201csonhou\u201d para n\u00f3s\u2026<\/p>\n<p>Seria, \u00f3 M\u00e3e de <strong>F\u00e1tima<\/strong>, a melhor das \u00abMetamorfoses\u00bb!<\/p>\n<p>&nbsp;<\/p>\n<p>Nesta parte final (<strong>\u00ab<\/strong>) das <em>Reflex\u00f5es<\/em> (deste <em>Ciclo B<\/em>) iremos fazer \u2013s. D. q.\u2013 uma <em>Visita fugaz<\/em> pelos principais <em>\u201cLugares\u201d<\/em> (Santu\u00e1rios-Apari\u00e7\u00f5es-Invoca\u00e7\u00f5es\u2026) de <strong>Nossa Senhora e M\u00e3e, a Virgem Maria.<\/strong> <strong>&#8211;<\/strong> Para destacar e exaltar o <em>sentido excecional<\/em> que tem esta <em>\u00abrealidade hist\u00f3rico-geogr\u00e1fica\u00bb<\/em> na Igreja e no mundo<strong>; <\/strong>ou seja<strong>:<\/strong> a <strong><u>Sua Miss\u00e3o<\/u> de M\u00e3e<\/strong> dos Humanos\u2026<\/p>\n","protected":false},"excerpt":{"rendered":"<p>Quem podia imaginar esta crise de sa\u00fade universal que chamamos \u201cpandemia\u201d (ou seja, de \u201ctodo-o-povo\u201d)!? Se n\u00e3o fomos capazes de prever esta magna \u2018desgra\u00e7a\u2019 (embora apenas material e esp\u00e1cio-temporal) como \u00e9 que vamos estar prevenidos e vigilantes \u2013 em vez de vivermos \u2018alegremente ausentes\u2019 \u2013 a respeito da nossa Sa\u00fade Eterna, que \u00e9 duma outra [&hellip;]<\/p>\n","protected":false},"author":2,"featured_media":0,"comment_status":"open","ping_status":"open","sticky":false,"template":"","format":"standard","meta":{"footnotes":""},"categories":[6],"tags":[],"class_list":["post-4957","post","type-post","status-publish","format-standard","hentry","category-refletida","has-post-title","has-post-date","has-post-category","has-post-tag","has-post-comment","has-post-author",""],"builder_content":"","_links":{"self":[{"href":"https:\/\/palavradeamorpalavra.sallep.net\/index.php?rest_route=\/wp\/v2\/posts\/4957","targetHints":{"allow":["GET"]}}],"collection":[{"href":"https:\/\/palavradeamorpalavra.sallep.net\/index.php?rest_route=\/wp\/v2\/posts"}],"about":[{"href":"https:\/\/palavradeamorpalavra.sallep.net\/index.php?rest_route=\/wp\/v2\/types\/post"}],"author":[{"embeddable":true,"href":"https:\/\/palavradeamorpalavra.sallep.net\/index.php?rest_route=\/wp\/v2\/users\/2"}],"replies":[{"embeddable":true,"href":"https:\/\/palavradeamorpalavra.sallep.net\/index.php?rest_route=%2Fwp%2Fv2%2Fcomments&post=4957"}],"version-history":[{"count":2,"href":"https:\/\/palavradeamorpalavra.sallep.net\/index.php?rest_route=\/wp\/v2\/posts\/4957\/revisions"}],"predecessor-version":[{"id":4959,"href":"https:\/\/palavradeamorpalavra.sallep.net\/index.php?rest_route=\/wp\/v2\/posts\/4957\/revisions\/4959"}],"wp:attachment":[{"href":"https:\/\/palavradeamorpalavra.sallep.net\/index.php?rest_route=%2Fwp%2Fv2%2Fmedia&parent=4957"}],"wp:term":[{"taxonomy":"category","embeddable":true,"href":"https:\/\/palavradeamorpalavra.sallep.net\/index.php?rest_route=%2Fwp%2Fv2%2Fcategories&post=4957"},{"taxonomy":"post_tag","embeddable":true,"href":"https:\/\/palavradeamorpalavra.sallep.net\/index.php?rest_route=%2Fwp%2Fv2%2Ftags&post=4957"}],"curies":[{"name":"wp","href":"https:\/\/api.w.org\/{rel}","templated":true}]}}