{"id":4965,"date":"2020-12-04T18:19:50","date_gmt":"2020-12-04T18:19:50","guid":{"rendered":"http:\/\/palavradeamorpalavra.sallep.net\/?p=4965"},"modified":"2022-11-17T11:53:26","modified_gmt":"2022-11-17T11:53:26","slug":"uma-voz-clama-preparai-o-caminho-do-senhor","status":"publish","type":"post","link":"https:\/\/palavradeamorpalavra.sallep.net\/?p=4965","title":{"rendered":"\u00abUma voz clama- &#8216;Preparai o caminho do Senhor&#8217;&#8230;\u00bb"},"content":{"rendered":"<p><a href=\"http:\/\/palavradeamorpalavra.sallep.net\/wp-content\/uploads\/2020\/12\/2bbb-Uma-voz-clama-Preparai-o-caminho-do-Senhor....png\"><img fetchpriority=\"high\" decoding=\"async\" class=\"aligncenter size-full wp-image-4966\" src=\"http:\/\/palavradeamorpalavra.sallep.net\/wp-content\/uploads\/2020\/12\/2bbb-Uma-voz-clama-Preparai-o-caminho-do-Senhor....png\" alt=\"\" width=\"3596\" height=\"5429\" srcset=\"https:\/\/palavradeamorpalavra.sallep.net\/wp-content\/uploads\/2020\/12\/2bbb-Uma-voz-clama-Preparai-o-caminho-do-Senhor....png 3596w, https:\/\/palavradeamorpalavra.sallep.net\/wp-content\/uploads\/2020\/12\/2bbb-Uma-voz-clama-Preparai-o-caminho-do-Senhor...-199x300.png 199w, https:\/\/palavradeamorpalavra.sallep.net\/wp-content\/uploads\/2020\/12\/2bbb-Uma-voz-clama-Preparai-o-caminho-do-Senhor...-678x1024.png 678w, https:\/\/palavradeamorpalavra.sallep.net\/wp-content\/uploads\/2020\/12\/2bbb-Uma-voz-clama-Preparai-o-caminho-do-Senhor...-768x1159.png 768w, https:\/\/palavradeamorpalavra.sallep.net\/wp-content\/uploads\/2020\/12\/2bbb-Uma-voz-clama-Preparai-o-caminho-do-Senhor...-1017x1536.png 1017w, https:\/\/palavradeamorpalavra.sallep.net\/wp-content\/uploads\/2020\/12\/2bbb-Uma-voz-clama-Preparai-o-caminho-do-Senhor...-1357x2048.png 1357w, https:\/\/palavradeamorpalavra.sallep.net\/wp-content\/uploads\/2020\/12\/2bbb-Uma-voz-clama-Preparai-o-caminho-do-Senhor...-678x1024-398x600.png 398w\" sizes=\"(max-width: 3596px) 100vw, 3596px\" \/><\/a><\/p>\n<p>Acompanhar-nos-\u00e1 sempre a tenta\u00e7\u00e3o de vivermos \u2018ausentes\u2019,<\/p>\n<p>alheios, distra\u00eddos, afastados do que \u00e9 \u201ctranscendente\u201d na nossa vida<\/p>\n<p>\u2013 do \u2018aqui\u2019 e do \u2018al\u00e9m\u2019 \u2013, para nos deixarmos envolver e penetrar<\/p>\n<p>por coisas que apenas nos d\u00e3o prazer e gozo, no nosso dia a dia,<\/p>\n<p>mas n\u00e3o s\u00f3 o prazer dos sentidos corporais como tamb\u00e9m dos outros (?).<\/p>\n<p>\u00c9 necess\u00e1rio, portanto, n\u00e3o esquecer, nestes domingos, <em>\u201ca Palavra\u201d<\/em><\/p>\n<p>que continua a repetir-nos: <em>\u201cVigiai, estai preparados e n\u00e3o dormidos\u201d<\/em>\u2026<\/p>\n<p>Como \u00e9 triste que saibamos prever <em>acontecimentos \u2018naturais\u2019<\/em> <em>futuros<\/em>,<\/p>\n<p>pela perce\u00e7\u00e3o e observa\u00e7\u00e3o de \u2018sinais vis\u00edveis pr\u00e9vios\u2019<\/p>\n<p>\u2013 por exemplo <em>\u201co brotar as folhas nos ramos tenros da figueira\u201d\u2026<\/em>\u2013<\/p>\n<p>e n\u00e3o sejamos capazes de \u2018entender\u2019 os \u00absinais dos tempos\u00bb!?\u2026<\/p>\n<p>Nunca poderemos desculpar-nos dizendo que n\u00e3o temos <em>mensageiros,<\/em><\/p>\n<p><em>arautos, sentinelas\u2026<\/em> que nos alertem para o que \u00e9 mais importante!<\/p>\n<p>O que pode acontecer, isso sim, \u00e9 que, tamb\u00e9m agora<\/p>\n<p>\u2013 como no tempo de Jesus e do seu precursor Jo\u00e3o Batista \u2013<\/p>\n<p>\u201cmensageiros\u201d atuais, como <em>o Papa Francisco<\/em> e os outros <em>\u2018pastores\u2019<\/em>,<\/p>\n<p>sejam <em>\u201cvozes que clamam no deserto\u201d<\/em>, mas num <em>deserto est\u00e9ril<\/em>,<\/p>\n<p>o \u2018deserto\u2019 das nossas vidas, alheias e inconscientes,<\/p>\n<p>ocupadas <em>\u2018naqueles outros\u2019 interesses\u2026<\/em> que n\u00e3o nos <em>Salvam!<\/em>\u2026<\/p>\n<p>Como \u00e9 que vamos ser capazes de <em>\u201cpreparar o caminho do Senhor<\/em><\/p>\n<p><em>e endireitar as suas veredas\u201d<\/em> \u2013 por vezes, em n\u00f3s, t\u00e3o tortuosas \u2013!?<\/p>\n<p><strong>\u00ab<\/strong> <strong>\u00a0<\/strong>\u00d3 Maria \u2013 <strong>M\u00e3e<\/strong> e \u00ab<strong>Senhora de Guadalupe<\/strong>\u00bb, Rainha das Am\u00e9ricas!<\/p>\n<p>Tu que \u00e9s a M\u00e3e de <em>\u201ctodos os ind\u00edgenas, nativos, abor\u00edgenes\u2026\u201d<\/em>,<\/p>\n<p>que sabes estar sempre connosco, na \u2018prosperidade e na desgra\u00e7a\u2019.<\/p>\n<p>Quando nos dizes, a cada um: \u00ab\u2026Escuta, meu filho, nada tens a temer.<\/p>\n<p>N\u00e3o estou eu aqui, que sou a tua M\u00e3e? N\u00e3o est\u00e1s tu sob a minha sombra<\/p>\n<p>e a minha prote\u00e7\u00e3o; sob o meu manto e nos meus bra\u00e7os de M\u00e3e?&#8230;\u00bb.<\/p>\n<p><em>(Palavras de Maria ao vidente S. Juan Diego, na sua apari\u00e7\u00e3o de Guadalupe).<\/em>[<strong>*<\/strong>]<\/p>\n<p>Com esta ajuda e presen\u00e7a, M\u00e3e de <strong>Guadalupe<\/strong>, as <em>veredas escabrosas<\/em><\/p>\n<p>da nossa vida, ser\u00e3o transformadas em <em>caminhos de Luz e de Verdade<\/em>.<\/p>\n<p>Eis a \u00abmetamorfose\u00bb que n\u00f3s devemos realizar com urg\u00eancia (!).<\/p>\n<p>&nbsp;<\/p>\n<p><u>NOTA<\/u><u>(S)<\/u> COMPLEMENTAR(ES):<\/p>\n<p>1- [<strong>*<\/strong>] &#8211;<em> Quer o significado do termo \u2018guadalupe\u2019 seja <\/em>\u00abrio de amor\u00bb<em> (origem \u00e1rabe) quer seja <\/em>\u00abaquela que calca a serpente\u00bb<em> (express\u00e3o original, ind\u00edgena, usada pelo vidente Juan Diego) ambos os termos (separados por alguns s\u00e9culos de dist\u00e2ncia) \u2018v\u00e3o confluir\u2019 nesta maravilhosa Apari\u00e7\u00e3o de 1531, no monte \u2018Tepeyac\u2019, na Cidade do M\u00e9xico.<\/em><\/p>\n<p>2- [<em>Ver tamb\u00e9m esta <u>Nota<\/u> final (na Reflex\u00e3o anterior, do Domingo1\u00ba do Advento-B):<\/em><\/p>\n<p>&#8211; Nesta parte final (<strong>\u00ab<\/strong>) das Reflex\u00f5es (deste Ciclo B) iremos fazer \u2013s. D. q.\u2013 uma Visita fugaz pelos principais \u201cLugares\u201d (Santu\u00e1rios-Apari\u00e7\u00f5es-T\u00edtulos-Invoca\u00e7\u00f5es\u2026) de <strong>Nossa Senhora e M\u00e3e, a Virgem Maria<\/strong>. \u2013 Para, assim, ressaltar e exaltar o sentido excecional que tem esta \u00abrealidade hist\u00f3rico-geogr\u00e1fica\u00bb na Igreja e no mundo; ou seja: a <strong>Sua<\/strong> <strong>Miss\u00e3o de M\u00e3e<\/strong> dos Humanos\u2026]<\/p>\n<p>&nbsp;<\/p>\n<p>\/\/ <em>PARA outras REFLEX\u00d5ES AFINS:<\/em>\u00a0 <a href=\"http:\/\/palavradeamorpalavra.sallep.net\">http:\/\/palavradeamorpalavra.sallep.net<\/a><\/p>\n","protected":false},"excerpt":{"rendered":"<p>Acompanhar-nos-\u00e1 sempre a tenta\u00e7\u00e3o de vivermos \u2018ausentes\u2019, alheios, distra\u00eddos, afastados do que \u00e9 \u201ctranscendente\u201d na nossa vida \u2013 do \u2018aqui\u2019 e do \u2018al\u00e9m\u2019 \u2013, para nos deixarmos envolver e penetrar por coisas que apenas nos d\u00e3o prazer e gozo, no nosso dia a dia, mas n\u00e3o s\u00f3 o prazer dos sentidos corporais como tamb\u00e9m dos [&hellip;]<\/p>\n","protected":false},"author":2,"featured_media":0,"comment_status":"open","ping_status":"open","sticky":false,"template":"","format":"standard","meta":{"footnotes":""},"categories":[6],"tags":[],"class_list":["post-4965","post","type-post","status-publish","format-standard","hentry","category-refletida","has-post-title","has-post-date","has-post-category","has-post-tag","has-post-comment","has-post-author",""],"builder_content":"","_links":{"self":[{"href":"https:\/\/palavradeamorpalavra.sallep.net\/index.php?rest_route=\/wp\/v2\/posts\/4965","targetHints":{"allow":["GET"]}}],"collection":[{"href":"https:\/\/palavradeamorpalavra.sallep.net\/index.php?rest_route=\/wp\/v2\/posts"}],"about":[{"href":"https:\/\/palavradeamorpalavra.sallep.net\/index.php?rest_route=\/wp\/v2\/types\/post"}],"author":[{"embeddable":true,"href":"https:\/\/palavradeamorpalavra.sallep.net\/index.php?rest_route=\/wp\/v2\/users\/2"}],"replies":[{"embeddable":true,"href":"https:\/\/palavradeamorpalavra.sallep.net\/index.php?rest_route=%2Fwp%2Fv2%2Fcomments&post=4965"}],"version-history":[{"count":3,"href":"https:\/\/palavradeamorpalavra.sallep.net\/index.php?rest_route=\/wp\/v2\/posts\/4965\/revisions"}],"predecessor-version":[{"id":4969,"href":"https:\/\/palavradeamorpalavra.sallep.net\/index.php?rest_route=\/wp\/v2\/posts\/4965\/revisions\/4969"}],"wp:attachment":[{"href":"https:\/\/palavradeamorpalavra.sallep.net\/index.php?rest_route=%2Fwp%2Fv2%2Fmedia&parent=4965"}],"wp:term":[{"taxonomy":"category","embeddable":true,"href":"https:\/\/palavradeamorpalavra.sallep.net\/index.php?rest_route=%2Fwp%2Fv2%2Fcategories&post=4965"},{"taxonomy":"post_tag","embeddable":true,"href":"https:\/\/palavradeamorpalavra.sallep.net\/index.php?rest_route=%2Fwp%2Fv2%2Ftags&post=4965"}],"curies":[{"name":"wp","href":"https:\/\/api.w.org\/{rel}","templated":true}]}}