{"id":4974,"date":"2020-12-07T21:29:00","date_gmt":"2020-12-07T21:29:00","guid":{"rendered":"http:\/\/palavradeamorpalavra.sallep.net\/?p=4974"},"modified":"2022-11-16T20:37:03","modified_gmt":"2022-11-16T20:37:03","slug":"disse-o-senhor-deus-a-serpente-estabelecerei-inimizade-entre-ti-e-a-mulher","status":"publish","type":"post","link":"https:\/\/palavradeamorpalavra.sallep.net\/?p=4974","title":{"rendered":"\u00abDisse o Senhor Deus \u00e0 serpente &#8216;Estabelecerei inimizade entre ti e a mulher&#8230;&#8217;\u00bb"},"content":{"rendered":"<p><a href=\"http:\/\/palavradeamorpalavra.sallep.net\/wp-content\/uploads\/2020\/12\/58bbb-Disse-o-Senhor-Deus-a-serpente-Estabelecerei-inimizade-entre-ti-e-a-mulher....png\"><img fetchpriority=\"high\" decoding=\"async\" class=\"aligncenter size-full wp-image-4975\" src=\"http:\/\/palavradeamorpalavra.sallep.net\/wp-content\/uploads\/2020\/12\/58bbb-Disse-o-Senhor-Deus-a-serpente-Estabelecerei-inimizade-entre-ti-e-a-mulher....png\" alt=\"\" width=\"3599\" height=\"5477\" srcset=\"https:\/\/palavradeamorpalavra.sallep.net\/wp-content\/uploads\/2020\/12\/58bbb-Disse-o-Senhor-Deus-a-serpente-Estabelecerei-inimizade-entre-ti-e-a-mulher....png 3599w, https:\/\/palavradeamorpalavra.sallep.net\/wp-content\/uploads\/2020\/12\/58bbb-Disse-o-Senhor-Deus-a-serpente-Estabelecerei-inimizade-entre-ti-e-a-mulher...-197x300.png 197w, https:\/\/palavradeamorpalavra.sallep.net\/wp-content\/uploads\/2020\/12\/58bbb-Disse-o-Senhor-Deus-a-serpente-Estabelecerei-inimizade-entre-ti-e-a-mulher...-673x1024.png 673w, https:\/\/palavradeamorpalavra.sallep.net\/wp-content\/uploads\/2020\/12\/58bbb-Disse-o-Senhor-Deus-a-serpente-Estabelecerei-inimizade-entre-ti-e-a-mulher...-768x1169.png 768w, https:\/\/palavradeamorpalavra.sallep.net\/wp-content\/uploads\/2020\/12\/58bbb-Disse-o-Senhor-Deus-a-serpente-Estabelecerei-inimizade-entre-ti-e-a-mulher...-1009x1536.png 1009w, https:\/\/palavradeamorpalavra.sallep.net\/wp-content\/uploads\/2020\/12\/58bbb-Disse-o-Senhor-Deus-a-serpente-Estabelecerei-inimizade-entre-ti-e-a-mulher...-1346x2048.png 1346w, https:\/\/palavradeamorpalavra.sallep.net\/wp-content\/uploads\/2020\/12\/58bbb-Disse-o-Senhor-Deus-a-serpente-Estabelecerei-inimizade-entre-ti-e-a-mulher...-673x1024-398x605.png 398w\" sizes=\"(max-width: 3599px) 100vw, 3599px\" \/><\/a><\/p>\n<p>Deixamos de lado, evidentemente, a quest\u00e3o do fruto (\u2018ma\u00e7\u00e3\u2019?) <strong><em>[1]<\/em><\/strong>,<\/p>\n<p>para irmos ao tema fundamental, a pensar na data e no tempo atuais\u2026<\/p>\n<p>O que fica bem claro, nas Escrituras, da <em>Palavra<\/em> de hoje (Gn 3),<\/p>\n<p>\u00e9 que houve uma \u201crebeli\u00e3o\u201d dos \u201cseres humanos\u201d \u2013 livres! \u2013 contra Deus,<\/p>\n<p>que consistiu em <em>negar-se a cumprir<\/em> a Lei do Criador (\u201cdesobedi\u00eancia\u201d!).<\/p>\n<p>E se o erro, falha, queda ou pecado foi protagonizado pelo \u2018homem-mulher\u2019,<\/p>\n<p>a situa\u00e7\u00e3o deveria ser resolvida \u2013 por quest\u00e3o elementar de justi\u00e7a humana \u2013<\/p>\n<p>pelos pr\u00f3prios seres humanos, um \u201cHomem\u201d e uma \u201cMulher\u201d: Jesus e Maria.<\/p>\n<p>Isto porque, para os <em>\u201coutros seres humanos\u201d,<\/em> era <em>imposs\u00edvel<\/em>, impens\u00e1vel!&#8230;<\/p>\n<p>Sabemos que o protagonista principal \u00e9 o <em>Homem-Jesus<\/em>, \u2018Novo Ad\u00e3o\u2019 <em>(<\/em><em>1Cor 15<\/em><em>)<\/em>.<\/p>\n<p>Mas Deus quis que a <em>Miss\u00e3o Salvadora<\/em> do Seu Filho, Jesus, fosse precedida<\/p>\n<p>pela <em>Mulher-Maria<\/em> e atrav\u00e9s d\u2019Ela, \u2018Nova Eva\u2019, IMACULADA desde a sua Concei\u00e7\u00e3o!<\/p>\n<p><em>\u201cPor isso, o Santo que nasceu de Maria \u00e9 chamado Filho de Deus\u201d <\/em><em>(Lc 1,<\/em><em>35<\/em><em>)<\/em>.<\/p>\n<p>Era este Jesus \u2013 a tal <em>\u00a0\u201cdescend\u00eancia\u201d <\/em>de Eva \u2013 que esmagaria a cabe\u00e7a do \u2018Inimigo\u2019:<\/p>\n<p><em>\u201cEstabelecerei inimizade entre\u2026 a tua descend\u00eancia e a descend\u00eancia dela\u201d.<\/em><\/p>\n<p>Embora a descend\u00eancia de Eva seria naturalmente: primeiro, Maria, e logo, Jesus.<\/p>\n<p>Quanto \u00e0 <em>Miss\u00e3o de Maria<\/em> (como tal \u2018Corredentora\u2019) \u00e9 clara neste Evangelho:<\/p>\n<p>\u00abConcei\u00e7\u00e3o IMACULADA &#8211; Anuncia\u00e7\u00e3o do Anjo &#8211; <em>Fa\u00e7a-se em mim<\/em> &#8211; INCARNA\u00c7\u00c3O\u00bb.<\/p>\n<p>\u2026E assim, com simplicidade, Ela passou, \u201csilenciosa\u201d, pela vida terrena de Jesus.<\/p>\n<p>S\u00f3 mais tarde come\u00e7ariam a <em>\u201ccham\u00e1-la Feliz todas as gera\u00e7\u00f5es\u201d<\/em>\u2026<\/p>\n<p>E s\u00f3 depois \u00e9 que Maria, Nossa Senhora e M\u00e3e, come\u00e7aria a \u201cFALAR\u201d\u2026<\/p>\n<p>Sim, atrav\u00e9s das suas \u2018Apari\u00e7\u00f5es\u2019 na terra, at\u00e9 para confirmar (em <em>Lurdes<\/em>)<\/p>\n<p>o <em>dogma<\/em> da sua \u00abImaculada Concei\u00e7\u00e3o\u00bb, proclamado antes pela Igreja.<strong><em>[2]<\/em><\/strong><\/p>\n<p>Foi na altura em que Ela disse \u00e0 Bernadete: \u00abEu sou a Imaculada Concei\u00e7\u00e3o\u00bb.<\/p>\n<p><strong>\u00ab<\/strong> <strong>\u00a0<\/strong>\u00d3 Maria \u2013 <strong>M\u00e3e<\/strong> e \u00ab<strong>Senhora de Lurdes<\/strong>\u00bb \u2013 que \u00a0apareceste naquela \u2018gruta\u2019<\/p>\n<p>porque, nessa altura, os teus filhos atravessavam tempos dif\u00edceis<\/p>\n<p>e estava pr\u00f3xima uma era sombria e de confrontos b\u00e9licos\u2026<\/p>\n<p>Os pobres humanos, carentes quanto \u00e0 vida do corpo e \u00e0 do esp\u00edrito<\/p>\n<p>\u2013 e muitos lutando contra doen\u00e7as e enfermidades incur\u00e1veis \u2013<\/p>\n<p>movem a compaix\u00e3o o teu Cora\u00e7\u00e3o Maternal, e Tu,<\/p>\n<p>qual outra <em>\u2018samaritana\u2019 compassiva<\/em>, \u2018apareces\u2019 para curar e sarar\u2026<\/p>\n<p><em>\u00abVolta para n\u00f3s<\/em> \u2013 pobres doentes no corpo e na alma \u2013<\/p>\n<p><em>esses teus olhos misericordiosos<\/em> \u2013 <em>neste desterro \u2018pand\u00e9mico\u2019\u00bb<\/em> \u2013<\/p>\n<p>e transforma as nossas doen\u00e7as \u2013 espirituais e materiais \u2013<\/p>\n<p>em <em>sa\u00fade e pureza,<\/em> reflexo da Tua <strong>Concei\u00e7\u00e3o Imaculada<\/strong>.<\/p>\n<p>Ser\u00e1 esta, \u00f3 M\u00e3e de <strong>Lurdes<\/strong>, a \u00abmetamorfose\u00bb que n\u00f3s mais precisamos!?<\/p>\n<p><u>\u00a0<\/u><\/p>\n<p><u>NOTA<\/u><u>(S)<\/u> COMPLEMENTAR(ES):<\/p>\n<p>1- <strong>{<\/strong> <strong><em>[1]<\/em><\/strong> \u2013 Essa discuss\u00e3o, aned\u00f3tica, de se <em>\u00abo fruto\u00bb <\/em>era, ou n\u00e3o, uma \u2018ma\u00e7\u00e3\u2019, e, por consequ\u00eancia, se <em>\u00aba \u00c1rvore do Bem e do Mal\u00bb<\/em> seria uma \u2018macieira\u2019, ou qualquer outra \u00e1rvore frut\u00edfera, n\u00e3o tem fundamento nas <em>Escrituras<\/em>. Pelo contr\u00e1rio, sabemos que, <em>na B\u00edblia, nunca aparece<\/em> a tal \u2018ma\u00e7\u00e3\u2019. Parece que, nas tradu\u00e7\u00f5es originais, ao passar, primeiro para o <em>grego<\/em> e, depois, para o <em>latim<\/em>, o termo \u00abfruto\u00bb, acabou por ser interpretado como tratando-se de uma ma\u00e7\u00e3, na <em>tradi\u00e7\u00e3o popular<\/em>\u2026<\/p>\n<p>2- <strong>{<\/strong> <strong><em>[2]<\/em><\/strong> \u2013 A Apari\u00e7\u00e3o de Lurdes teve lugar no sul da Fran\u00e7a, em 1858, quatro anos ap\u00f3s a proclama\u00e7\u00e3o do Dogma da Imaculada Concei\u00e7\u00e3o da Virgem Maria, pela Igreja (1854).<\/p>\n<p>3- <strong>{<\/strong> A ordem das nossas \u2018visitas fugazes\u2019 pelos principais \u201cLugares\u201d (Santu\u00e1rios-Apari\u00e7\u00f5es-T\u00edtulos-Invoca\u00e7\u00f5es\u2026) de <strong>\u2018NOSSA SENHORA\u2019 e M\u00e3e, a Virgem Maria<\/strong>, s\u00e3o, <u>at\u00e9 ao presente<\/u>:<\/p>\n<p>&#8212;\u00a0 1. F\u00c1TIMA \u2013 2. GUADALUPE \u2013 3. LURDES<\/p>\n<p>&nbsp;<\/p>\n<p><a href=\"http:\/\/palavradeamorpalavra.sallep.net\/wp-content\/uploads\/2020\/12\/58bbb-Disse-o-Senhor-Deus-a-serpente-Estabelecerei-inimizade-entre-ti-e-a-mulher....png\">\/\/\u00a0<em>PARA uma outra REFLEX\u00c3O ALARGADA:<\/em> <\/a><a href=\"http:\/\/palavradeamorpalavra.sallep.net\">http:\/\/palavradeamorpalavra.sallep.net<\/a><a href=\"http:\/\/palavradeamorpalavra.sallep.net\/wp-content\/uploads\/2020\/12\/58bbb-Disse-o-Senhor-Deus-a-serpente-Estabelecerei-inimizade-entre-ti-e-a-mulher....png\"><br \/>\n<\/a><\/p>\n","protected":false},"excerpt":{"rendered":"<p>Deixamos de lado, evidentemente, a quest\u00e3o do fruto (\u2018ma\u00e7\u00e3\u2019?) [1], para irmos ao tema fundamental, a pensar na data e no tempo atuais\u2026 O que fica bem claro, nas Escrituras, da Palavra de hoje (Gn 3), \u00e9 que houve uma \u201crebeli\u00e3o\u201d dos \u201cseres humanos\u201d \u2013 livres! \u2013 contra Deus, que consistiu em negar-se a cumprir [&hellip;]<\/p>\n","protected":false},"author":2,"featured_media":0,"comment_status":"open","ping_status":"open","sticky":false,"template":"","format":"standard","meta":{"footnotes":""},"categories":[6],"tags":[],"class_list":["post-4974","post","type-post","status-publish","format-standard","hentry","category-refletida","has-post-title","has-post-date","has-post-category","has-post-tag","has-post-comment","has-post-author",""],"builder_content":"","_links":{"self":[{"href":"https:\/\/palavradeamorpalavra.sallep.net\/index.php?rest_route=\/wp\/v2\/posts\/4974","targetHints":{"allow":["GET"]}}],"collection":[{"href":"https:\/\/palavradeamorpalavra.sallep.net\/index.php?rest_route=\/wp\/v2\/posts"}],"about":[{"href":"https:\/\/palavradeamorpalavra.sallep.net\/index.php?rest_route=\/wp\/v2\/types\/post"}],"author":[{"embeddable":true,"href":"https:\/\/palavradeamorpalavra.sallep.net\/index.php?rest_route=\/wp\/v2\/users\/2"}],"replies":[{"embeddable":true,"href":"https:\/\/palavradeamorpalavra.sallep.net\/index.php?rest_route=%2Fwp%2Fv2%2Fcomments&post=4974"}],"version-history":[{"count":3,"href":"https:\/\/palavradeamorpalavra.sallep.net\/index.php?rest_route=\/wp\/v2\/posts\/4974\/revisions"}],"predecessor-version":[{"id":4978,"href":"https:\/\/palavradeamorpalavra.sallep.net\/index.php?rest_route=\/wp\/v2\/posts\/4974\/revisions\/4978"}],"wp:attachment":[{"href":"https:\/\/palavradeamorpalavra.sallep.net\/index.php?rest_route=%2Fwp%2Fv2%2Fmedia&parent=4974"}],"wp:term":[{"taxonomy":"category","embeddable":true,"href":"https:\/\/palavradeamorpalavra.sallep.net\/index.php?rest_route=%2Fwp%2Fv2%2Fcategories&post=4974"},{"taxonomy":"post_tag","embeddable":true,"href":"https:\/\/palavradeamorpalavra.sallep.net\/index.php?rest_route=%2Fwp%2Fv2%2Ftags&post=4974"}],"curies":[{"name":"wp","href":"https:\/\/api.w.org\/{rel}","templated":true}]}}