{"id":4984,"date":"2020-12-11T21:58:28","date_gmt":"2020-12-11T21:58:28","guid":{"rendered":"http:\/\/palavradeamorpalavra.sallep.net\/?p=4984"},"modified":"2022-11-17T05:07:10","modified_gmt":"2022-11-17T05:07:10","slug":"me-enviou-a-anunciar-a-boa-nova-aos-pobres-exulto-de-alegria-no-senhor","status":"publish","type":"post","link":"https:\/\/palavradeamorpalavra.sallep.net\/?p=4984","title":{"rendered":"\u00abMe enviou a anunciar a boa nova aos pobres&#8230; Exulto de alegria no Senhor\u00bb"},"content":{"rendered":"<p><a href=\"http:\/\/palavradeamorpalavra.sallep.net\/wp-content\/uploads\/2020\/12\/3bbb-Me-enviou-a-anunciar-a-boa-nova-aos-pobres...-Exulto-de-alegria-no-Senhor.png\"><img fetchpriority=\"high\" decoding=\"async\" class=\"aligncenter size-full wp-image-4985\" src=\"http:\/\/palavradeamorpalavra.sallep.net\/wp-content\/uploads\/2020\/12\/3bbb-Me-enviou-a-anunciar-a-boa-nova-aos-pobres...-Exulto-de-alegria-no-Senhor.png\" alt=\"\" width=\"3583\" height=\"5429\" srcset=\"https:\/\/palavradeamorpalavra.sallep.net\/wp-content\/uploads\/2020\/12\/3bbb-Me-enviou-a-anunciar-a-boa-nova-aos-pobres...-Exulto-de-alegria-no-Senhor.png 3583w, https:\/\/palavradeamorpalavra.sallep.net\/wp-content\/uploads\/2020\/12\/3bbb-Me-enviou-a-anunciar-a-boa-nova-aos-pobres...-Exulto-de-alegria-no-Senhor-198x300.png 198w, https:\/\/palavradeamorpalavra.sallep.net\/wp-content\/uploads\/2020\/12\/3bbb-Me-enviou-a-anunciar-a-boa-nova-aos-pobres...-Exulto-de-alegria-no-Senhor-676x1024.png 676w, https:\/\/palavradeamorpalavra.sallep.net\/wp-content\/uploads\/2020\/12\/3bbb-Me-enviou-a-anunciar-a-boa-nova-aos-pobres...-Exulto-de-alegria-no-Senhor-768x1164.png 768w, https:\/\/palavradeamorpalavra.sallep.net\/wp-content\/uploads\/2020\/12\/3bbb-Me-enviou-a-anunciar-a-boa-nova-aos-pobres...-Exulto-de-alegria-no-Senhor-1014x1536.png 1014w, https:\/\/palavradeamorpalavra.sallep.net\/wp-content\/uploads\/2020\/12\/3bbb-Me-enviou-a-anunciar-a-boa-nova-aos-pobres...-Exulto-de-alegria-no-Senhor-1352x2048.png 1352w, https:\/\/palavradeamorpalavra.sallep.net\/wp-content\/uploads\/2020\/12\/3bbb-Me-enviou-a-anunciar-a-boa-nova-aos-pobres...-Exulto-de-alegria-no-Senhor-676x1024-398x603.png 398w\" sizes=\"(max-width: 3583px) 100vw, 3583px\" \/><\/a><\/p>\n<p>O \u2018vocabul\u00e1rio\u2019 b\u00edblico parece estar cheio<\/p>\n<p>de voc\u00e1bulos sin\u00f3nimos para referir-se \u00e0 miss\u00e3o de <em>\u201canunciar\u201d<\/em>:<\/p>\n<p><em>mensageiro, arauto, enviado, portador, sentinela, anunciador, mission\u00e1rio,<\/em><\/p>\n<p><em>evangelizador\u2026<\/em> ou <em>\u2018precursor\u2019<\/em>, como no caso do Jo\u00e3o Batista,<\/p>\n<p>que ainda se define a si pr\u00f3prio como <em>\u201ca voz do que clama no deserto\u201d<\/em>\u2026<\/p>\n<p>E o mais interessante \u2013 talvez o mais \u2018alarmante\u2019 para n\u00f3s (?) \u2013<\/p>\n<p>\u00e9 que, qualquer um desses termos, ou todos eles em conjunto,<\/p>\n<p>podem ser aplicados a todos e cada um de n\u00f3s,<\/p>\n<p>pelo facto de sermos <em>batizados<\/em> em Cristo Jesus (<em>crist\u00e3os<\/em>)\u2026<\/p>\n<p>Sim, cada um de n\u00f3s olhe para <em>a sua \u201cmiss\u00e3o\u201d<\/em>, e veja<\/p>\n<p>como \u00e9 que est\u00e1 a realiz\u00e1-la ou, melhor, a <em>viv\u00ea-la<\/em>, no seu dia a dia.<\/p>\n<p>Temos, desde logo e sempre, o exemplo de Jesus,<\/p>\n<p>o primeiro e principal de todos os Evangelizadores.<\/p>\n<p>Temos tamb\u00e9m, nestes dias, o modelo de Jo\u00e3o Batista, o Precursor\u2026<\/p>\n<p>E quem nos pode negar que podemos ser, todos n\u00f3s,<\/p>\n<p>\u201cprecursores\u201d da a\u00e7\u00e3o Evangelizadora e Salvadora de Jesus?&#8230;<\/p>\n<p>Mas, claro, devemos s\u00ea-lo como eles (o Batista e o Salvador):<\/p>\n<p>permitindo que <em>\u201co esp\u00edrito do Senhor esteja sobre n\u00f3s\u201d;<\/em><\/p>\n<p>sempre desde a nossa humildade <em>(\u201ca confessar a verdade e n\u00e3o a negar\u201d);<\/em><\/p>\n<p>e, no nosso an\u00fancio da \u00abBoa Nova\u00bb da Salva\u00e7\u00e3o, come\u00e7armos sempre<\/p>\n<p>desde <em>\u201cos mais pobres\u2026 os cora\u00e7\u00f5es atribulados\u2026 cativos e prisioneiros\u201d\u2026<\/em><\/p>\n<p>E <em>\u201cexultando sempre de alegria no Senhor\u201d,<\/em> como fazia o profeta Isa\u00edas\u2026<\/p>\n<p><strong>\u00ab<\/strong> <strong>\u00a0<\/strong>E como Tu, Maria \u2013 <strong>M\u00e3e<\/strong> e \u00ab<strong>Senhora da Concei\u00e7\u00e3o Aparecida<\/strong>\u00bb \u2013<\/p>\n<p>que \u00a0n\u00e3o Te cansas de \u00abaparecer\u00bb sempre que os teus filhos precisam.<\/p>\n<p>Que n\u00e3o cessas de ser <em>Aparecida<\/em> e <em>Bem Aparecida<\/em> (at\u00e9 com estes nomes)<\/p>\n<p>em muitos outros lugares, povos, e ra\u00e7as da nossa mundial geografia\u2026<\/p>\n<p>Aqui, <strong>Senhora Aparecida<\/strong> na \u00abquerida Amaz\u00f3nia\u00bb, M\u00e3e de todos os <em>nativos<\/em><em>\u2026<\/em><\/p>\n<p>Faz com que, enquanto <em>evangelizadores<\/em> \u2013 do velho e do novo mundo! \u2013<\/p>\n<p>consigamos transformar toda a forma de <em>escravatura ou servid\u00e3o <\/em>humana<\/p>\n<p>em <em>liberdade <\/em>verdadeira, <em>a liberdade dos filhos de Deus! \u00a0<\/em>[1]<\/p>\n<p>Seria, \u00f3 M\u00e3e <strong>Aparecida<\/strong>, uma perfeita \u00abmetamorfose\u00bb de Salva\u00e7\u00e3o!<\/p>\n<p>&nbsp;<\/p>\n<p><u>NOTA<\/u><u>(S)<\/u> COMPLEMENTAR(ES):<\/p>\n<p>1- <strong>{<\/strong> [1] \u2013 A \u00e1rvore <em>Seringueira<\/em>, \u2018\u00c1rvore do caucho\u2019 ou <em>\u201cHevea brasiliensis\u201d<\/em>(nome cient\u00edfico), foi escolhida como <em>motivo ilustrativo<\/em> da nossa Reflex\u00e3o, por ser uma das plantas mais representativas do Brasil (ou da \u2018Amaz\u00f3nia\u2019, Regi\u00e3o relevante para o Papa Francisco &#8211; <em>\u00abQuerida Amaz\u00f3nia\u00bb<\/em>).<\/p>\n<p>2- <strong>{<\/strong> A ordem das nossas \u2018visitas fugazes\u2019 pelos principais \u201cLugares\u201d (Santu\u00e1rios-Apari\u00e7\u00f5es-T\u00edtulos-Invoca\u00e7\u00f5es\u2026) de <strong>\u2018NOSSA SENHORA\u2019 e M\u00e3e, a Virgem Maria<\/strong>, s\u00e3o, <u>at\u00e9 ao presente<\/u>:<\/p>\n<p>&#8212;\u00a0 1. F\u00c1TIMA \u2013 2. GUADALUPE \u2013 3. LURDES \u2013 4. APARECIDA \u2013<\/p>\n<p>&nbsp;<\/p>\n<p>\/\/\u00a0<em>PARA uma outra REFLEX\u00c3O ALARGADA:<\/em> <a href=\"http:\/\/palavradeamorpalavra.sallep.net\">http:\/\/palavradeamorpalavra.sallep.net<\/a><\/p>\n","protected":false},"excerpt":{"rendered":"<p>O \u2018vocabul\u00e1rio\u2019 b\u00edblico parece estar cheio de voc\u00e1bulos sin\u00f3nimos para referir-se \u00e0 miss\u00e3o de \u201canunciar\u201d: mensageiro, arauto, enviado, portador, sentinela, anunciador, mission\u00e1rio, evangelizador\u2026 ou \u2018precursor\u2019, como no caso do Jo\u00e3o Batista, que ainda se define a si pr\u00f3prio como \u201ca voz do que clama no deserto\u201d\u2026 E o mais interessante \u2013 talvez o mais \u2018alarmante\u2019 [&hellip;]<\/p>\n","protected":false},"author":2,"featured_media":0,"comment_status":"open","ping_status":"open","sticky":false,"template":"","format":"standard","meta":{"footnotes":""},"categories":[6],"tags":[],"class_list":["post-4984","post","type-post","status-publish","format-standard","hentry","category-refletida","has-post-title","has-post-date","has-post-category","has-post-tag","has-post-comment","has-post-author",""],"builder_content":"","_links":{"self":[{"href":"https:\/\/palavradeamorpalavra.sallep.net\/index.php?rest_route=\/wp\/v2\/posts\/4984","targetHints":{"allow":["GET"]}}],"collection":[{"href":"https:\/\/palavradeamorpalavra.sallep.net\/index.php?rest_route=\/wp\/v2\/posts"}],"about":[{"href":"https:\/\/palavradeamorpalavra.sallep.net\/index.php?rest_route=\/wp\/v2\/types\/post"}],"author":[{"embeddable":true,"href":"https:\/\/palavradeamorpalavra.sallep.net\/index.php?rest_route=\/wp\/v2\/users\/2"}],"replies":[{"embeddable":true,"href":"https:\/\/palavradeamorpalavra.sallep.net\/index.php?rest_route=%2Fwp%2Fv2%2Fcomments&post=4984"}],"version-history":[{"count":2,"href":"https:\/\/palavradeamorpalavra.sallep.net\/index.php?rest_route=\/wp\/v2\/posts\/4984\/revisions"}],"predecessor-version":[{"id":4987,"href":"https:\/\/palavradeamorpalavra.sallep.net\/index.php?rest_route=\/wp\/v2\/posts\/4984\/revisions\/4987"}],"wp:attachment":[{"href":"https:\/\/palavradeamorpalavra.sallep.net\/index.php?rest_route=%2Fwp%2Fv2%2Fmedia&parent=4984"}],"wp:term":[{"taxonomy":"category","embeddable":true,"href":"https:\/\/palavradeamorpalavra.sallep.net\/index.php?rest_route=%2Fwp%2Fv2%2Fcategories&post=4984"},{"taxonomy":"post_tag","embeddable":true,"href":"https:\/\/palavradeamorpalavra.sallep.net\/index.php?rest_route=%2Fwp%2Fv2%2Ftags&post=4984"}],"curies":[{"name":"wp","href":"https:\/\/api.w.org\/{rel}","templated":true}]}}