{"id":4997,"date":"2020-12-18T20:09:32","date_gmt":"2020-12-18T20:09:32","guid":{"rendered":"http:\/\/palavradeamorpalavra.sallep.net\/?p=4997"},"modified":"2022-11-19T22:18:03","modified_gmt":"2022-11-19T22:18:03","slug":"o-santo-que-vai-nascer-sera-chamado-filho-de-deus","status":"publish","type":"post","link":"https:\/\/palavradeamorpalavra.sallep.net\/?p=4997","title":{"rendered":"\u00abO Santo que vai nascer ser\u00e1 chamado Filho de Deus\u2026\u00bb"},"content":{"rendered":"<p><a href=\"http:\/\/palavradeamorpalavra.sallep.net\/wp-content\/uploads\/2020\/12\/4bbb-O-Santo-que-vai-nascer-sera-chamado-Filho-de-Deus.png\"><img fetchpriority=\"high\" decoding=\"async\" class=\"aligncenter size-full wp-image-4999\" src=\"http:\/\/palavradeamorpalavra.sallep.net\/wp-content\/uploads\/2020\/12\/4bbb-O-Santo-que-vai-nascer-sera-chamado-Filho-de-Deus.png\" alt=\"\" width=\"3504\" height=\"5350\" srcset=\"https:\/\/palavradeamorpalavra.sallep.net\/wp-content\/uploads\/2020\/12\/4bbb-O-Santo-que-vai-nascer-sera-chamado-Filho-de-Deus.png 3504w, https:\/\/palavradeamorpalavra.sallep.net\/wp-content\/uploads\/2020\/12\/4bbb-O-Santo-que-vai-nascer-sera-chamado-Filho-de-Deus-196x300.png 196w, https:\/\/palavradeamorpalavra.sallep.net\/wp-content\/uploads\/2020\/12\/4bbb-O-Santo-que-vai-nascer-sera-chamado-Filho-de-Deus-671x1024.png 671w, https:\/\/palavradeamorpalavra.sallep.net\/wp-content\/uploads\/2020\/12\/4bbb-O-Santo-que-vai-nascer-sera-chamado-Filho-de-Deus-768x1173.png 768w, https:\/\/palavradeamorpalavra.sallep.net\/wp-content\/uploads\/2020\/12\/4bbb-O-Santo-que-vai-nascer-sera-chamado-Filho-de-Deus-1006x1536.png 1006w, https:\/\/palavradeamorpalavra.sallep.net\/wp-content\/uploads\/2020\/12\/4bbb-O-Santo-que-vai-nascer-sera-chamado-Filho-de-Deus-1341x2048.png 1341w, https:\/\/palavradeamorpalavra.sallep.net\/wp-content\/uploads\/2020\/12\/4bbb-O-Santo-que-vai-nascer-sera-chamado-Filho-de-Deus-671x1024-398x607.png 398w\" sizes=\"(max-width: 3504px) 100vw, 3504px\" \/><\/a><\/p>\n<p><strong>\uf0c6<\/strong> <strong><em>\u201c\u00abVai dizer ao meu servo David: (\u2026) Estabelecerei em teu lugar um descendente que h\u00e1 de nascer de ti\u2026 <u>Serei para ele um pai e ele ser\u00e1 para Mim um filho<\/u>. A tua casa e o teu reino permanecer\u00e3o diante de Mim eternamente\u00bb\u201d.<\/em><\/strong> [2 Sm 7, 12-14 (1\u00aaL)].<\/p>\n<p><strong>\uf0c6<\/strong> <strong><em>\u201c\u00abO Esp\u00edrito Santo vir\u00e1 sobre ti e a for\u00e7a do Alt\u00edssimo te cobrir\u00e1 com a sua sombra. Por isso <u>o Santo que vai nascer ser\u00e1 chamado Filho de Deus<\/u>\u2026\u00bb\u201d<\/em><\/strong><strong>.<\/strong> [Lc 1,35 (3\u00aaL)].<\/p>\n<p>&#8212;&#8212;&#8212;&#8212;&#8212;&#8212;<\/p>\n<p>Tantos an\u00fancios dos Profetas, tantas <em>\u201cprofecias\u201d<\/em> acerca da vinda futura de um <em>\u201cmessias\u201d<\/em> salvador, que haveria de nos redimir e salvar! Ou seja, algu\u00e9m mais poderoso do que n\u00f3s, capaz de nos abrir aquela <em>\u201cporta da Salva\u00e7\u00e3o\u201d<\/em> que estava fechada desde que n\u00f3s mesmos \u2013 com o mau uso da nossa liberdade! \u2013 decidimos \u2018fechar\u2019 para escolher outra coisa que \u2018ach\u00e1vamos melhor\u2019! Tantas <em>profecias<\/em>, tantos <em>an\u00fancios!<\/em>&#8230; \u2018Imagino\u2019 que todos temos \u2018imaginado\u2019 (e valha a redund\u00e2ncia deliberada) este futuro \u201csalvador\u201d \u2013 como ali\u00e1s fizeram os pr\u00f3prios judeus ao longo de toda a sua hist\u00f3ria at\u00e9 ao tempo atual \u2013 de muitas formas, tamanhos e cores: mais ou menos \u2018famoso, mais ou menos \u2018poderoso\u2019, mais ou menos \u2018violento\u2019&#8230; para acabar com os nossos <em>inimigos<\/em> (mas qual inimigos!?)\u2026 Por\u00e9m, o que n\u00e3o podia passar pelo pensamento de ningu\u00e9m \u2013 e sejamos sinceros \u2013 \u00e9 que este salvador fosse o pr\u00f3prio Deus!!! Pois a\u00ed est\u00e1! J\u00e1 de forma \u2018velada\u2019, pelo profeta Natan <em>(2Sm 7)<\/em>: <em>\u201cEstabelecerei em teu lugar um descendente que h\u00e1 de nascer de ti\u2026 Serei para ele um pai e ele ser\u00e1 para Mim um filho\u201d<\/em>. Mas, \u00e9 evidente que, onde ficou j\u00e1 desfeita toda a d\u00favida \u2013 embora aumentou at\u00e9 ao infinito a maravilha do milagre e a nossa perplexidade! \u2013 foi naquele bendito an\u00fancio \u00e0 <em>jovem mulher<\/em> que, sem deixar de ser humana, devia ser a M\u00e3e do Filho de Deus. Isto \u00e9, a M\u00e3e do Messias, quer dizer, a <em>M\u00e3e de Deus:<\/em> <em>\u201cQuem vai nascer de ti ser\u00e1 chamado Filho de Deus\u2026\u201d<\/em>.<\/p>\n<p><strong>\u00ab<\/strong> <strong>\u00a0<\/strong>Assim, n\u00e3o admira \u2013 <strong>Senhora Dolorosa de Kibeho<\/strong>, Senhora de \u00c1frica \u2013 que, fiel \u00e0 tua Miss\u00e3o de M\u00e3e do <em>Deus-Redentor<\/em> e dos <em>filhos-redimidos<\/em>, Seus irm\u00e3os, acudas pressurosa quando eles est\u00e3o em perigo de vida ou passam por situa\u00e7\u00f5es graves&#8230; A\u00ed, sabes mostrar as tuas pr\u00f3prias \u201cDores\u201d, para animar e fortalecer os corpos e os esp\u00edritos daqueles que foram libertados e salvados por Quem \u00e9, ao mesmo tempo, teu Filho e Filho de Deus\u2026 Certamente, os teus filhos s\u00e3o <em>transformados!<\/em><\/p>\n<p><u>\u00a0<\/u><\/p>\n<p><u>NOTA<\/u><u>(S)<\/u> COMPLEMENTAR(ES):<\/p>\n<p>1- \u00a0<strong>{<\/strong> \u00a0a)- \u00c1rvore para ilustrar a Reflex\u00e3o: Baobab ou Embondeiro (<em>Adansonia digitata<\/em>, de nome cient\u00edfico). \u00c1rvore representativa de \u00c1frica, onde \u00e9 conhecida tamb\u00e9m como \u2018\u00e1rvore da vida\u2019 (para o corpo e o esp\u00edrito?) que chega a viver milhares de anos&#8230;<\/p>\n<p>b)- Nossa Senhora de <u>Kibeho<\/u>: Aparecida a algumas raparigas, alunas da Escola desta cidade de Ruanda, durante alguns anos, nas duas \u00faltimas d\u00e9cadas do s\u00e9c. XX\u2026 Ao ser visitado o pa\u00eds pelo Papa, S. Jo\u00e3o Paulo II (1990) pediu para <em>\u00abacudir \u00e0 Virgem de Kibeho, sua Padroeira, e rezar, meditando nas suas Dores de M\u00e3e, para fortalecer o esp\u00edrito dos ruandeses contra as divis\u00f5es existentes entre a popula\u00e7\u00e3o\u00bb<\/em>, que pressagiavam j\u00e1 aquele grave conflito\u2026 E \u00e9 considerada esta \u2018Apari\u00e7\u00e3o\u2019 de Maria como aviso e prepara\u00e7\u00e3o do terr\u00edvel <em>\u2018genoc\u00eddio ruand\u00eas\u2019<\/em>, j\u00e1 pr\u00f3ximo, que aconteceu posteriormente (1994-95)\u2026<\/p>\n<p>2- \u00a0<strong>{<\/strong> A ordem dos principais <em>\u2018Lugares\u2019<\/em> (Santu\u00e1rios-Apari\u00e7\u00f5es-T\u00edtulos-Invoca\u00e7\u00f5es\u2026) de <strong>\u2018NOSSA SENHORA\u2019 e M\u00e3e, a Virgem Maria<\/strong>, <em>\u2018vistos na Reflex\u00e3o\u2019,<\/em> <u>at\u00e9 ao presente<\/u>, s\u00e3o:<\/p>\n<p>&#8212;\u00a0 1. F\u00c1TIMA (Portugal) \u2013 2. GUADALUPE (M\u00e9xico) \u2013 3. LURDES (Fran\u00e7a) \u2013 4. APARECIDA (Brasil) \u2013 5. KIBEHO (Ruanda-\u00c1FRICA) \u2013<\/p>\n<p>&nbsp;<\/p>\n<p>\/\/\u00a0<em>PARA uma outra REFLEX\u00c3O ALARGADA:<\/em> <a href=\"http:\/\/palavradeamorpalavra.sallep.net\">http:\/\/palavradeamorpalavra.sallep.net<\/a><\/p>\n","protected":false},"excerpt":{"rendered":"<p>\uf0c6 \u201c\u00abVai dizer ao meu servo David: (\u2026) Estabelecerei em teu lugar um descendente que h\u00e1 de nascer de ti\u2026 Serei para ele um pai e ele ser\u00e1 para Mim um filho. A tua casa e o teu reino permanecer\u00e3o diante de Mim eternamente\u00bb\u201d. [2 Sm 7, 12-14 (1\u00aaL)]. \uf0c6 \u201c\u00abO Esp\u00edrito Santo vir\u00e1 sobre [&hellip;]<\/p>\n","protected":false},"author":2,"featured_media":0,"comment_status":"open","ping_status":"open","sticky":false,"template":"","format":"standard","meta":{"footnotes":""},"categories":[6],"tags":[],"class_list":["post-4997","post","type-post","status-publish","format-standard","hentry","category-refletida","has-post-title","has-post-date","has-post-category","has-post-tag","has-post-comment","has-post-author",""],"builder_content":"","_links":{"self":[{"href":"https:\/\/palavradeamorpalavra.sallep.net\/index.php?rest_route=\/wp\/v2\/posts\/4997","targetHints":{"allow":["GET"]}}],"collection":[{"href":"https:\/\/palavradeamorpalavra.sallep.net\/index.php?rest_route=\/wp\/v2\/posts"}],"about":[{"href":"https:\/\/palavradeamorpalavra.sallep.net\/index.php?rest_route=\/wp\/v2\/types\/post"}],"author":[{"embeddable":true,"href":"https:\/\/palavradeamorpalavra.sallep.net\/index.php?rest_route=\/wp\/v2\/users\/2"}],"replies":[{"embeddable":true,"href":"https:\/\/palavradeamorpalavra.sallep.net\/index.php?rest_route=%2Fwp%2Fv2%2Fcomments&post=4997"}],"version-history":[{"count":3,"href":"https:\/\/palavradeamorpalavra.sallep.net\/index.php?rest_route=\/wp\/v2\/posts\/4997\/revisions"}],"predecessor-version":[{"id":5002,"href":"https:\/\/palavradeamorpalavra.sallep.net\/index.php?rest_route=\/wp\/v2\/posts\/4997\/revisions\/5002"}],"wp:attachment":[{"href":"https:\/\/palavradeamorpalavra.sallep.net\/index.php?rest_route=%2Fwp%2Fv2%2Fmedia&parent=4997"}],"wp:term":[{"taxonomy":"category","embeddable":true,"href":"https:\/\/palavradeamorpalavra.sallep.net\/index.php?rest_route=%2Fwp%2Fv2%2Fcategories&post=4997"},{"taxonomy":"post_tag","embeddable":true,"href":"https:\/\/palavradeamorpalavra.sallep.net\/index.php?rest_route=%2Fwp%2Fv2%2Ftags&post=4997"}],"curies":[{"name":"wp","href":"https:\/\/api.w.org\/{rel}","templated":true}]}}