{"id":5004,"date":"2020-12-24T15:43:22","date_gmt":"2020-12-24T15:43:22","guid":{"rendered":"http:\/\/palavradeamorpalavra.sallep.net\/?p=5004"},"modified":"2022-11-17T08:25:05","modified_gmt":"2022-11-17T08:25:05","slug":"e-o-verbo-fez-se-carne-e-habitou-entre-nos","status":"publish","type":"post","link":"https:\/\/palavradeamorpalavra.sallep.net\/?p=5004","title":{"rendered":"\u00abE o Verbo fez-Se carne e habitou entre n\u00f3s\u00bb"},"content":{"rendered":"<p><a href=\"http:\/\/palavradeamorpalavra.sallep.net\/wp-content\/uploads\/2020\/12\/5bb-O-Verbo-fez-Se-carne-e-habitou-entre-nos.jpg\"><img fetchpriority=\"high\" decoding=\"async\" class=\"aligncenter size-full wp-image-5005\" src=\"http:\/\/palavradeamorpalavra.sallep.net\/wp-content\/uploads\/2020\/12\/5bb-O-Verbo-fez-Se-carne-e-habitou-entre-nos.jpg\" alt=\"\" width=\"260\" height=\"194\" srcset=\"https:\/\/palavradeamorpalavra.sallep.net\/wp-content\/uploads\/2020\/12\/5bb-O-Verbo-fez-Se-carne-e-habitou-entre-nos.jpg 260w, https:\/\/palavradeamorpalavra.sallep.net\/wp-content\/uploads\/2020\/12\/5bb-O-Verbo-fez-Se-carne-e-habitou-entre-nos-398x296.jpg 398w\" sizes=\"(max-width: 260px) 100vw, 260px\" \/><\/a><\/p>\n<p><strong>\u00a0\u2013\u00a0<em>A<\/em>\u00a0<em>PALAVRA, Refletida<\/em>\u00a0ao ritmo Lit\u00fargico \u2013<\/strong><\/p>\n<p><em>(Ciclo B \u2013 NATAL \u2013 Solenidade \u2013 Missa do Dia)<\/em><\/p>\n<p><strong><em>\u00a0<\/em><\/strong><\/p>\n<p><strong><em>\u201cNo princ\u00edpio era o Verbo e o Verbo estava com Deus e o Verbo era Deus\u2026 O Verbo era a luz verdadeira, que, vindo ao mundo, ilumina todo o homem\u2026 <u>E\u00a0o Verbo fez-Se carne e habitou entre n\u00f3s<\/u>. N\u00f3s vimos a sua gl\u00f3ria, gl\u00f3ria que Lhe vem do Pai como Filho Unig\u00e9nito, cheio de gra\u00e7a e de verdade\u201d. (Jo 1,1.9.14 \/\u00a03\u00aa L.).\u00a0<\/em><\/strong><\/p>\n<p>&nbsp;<\/p>\n<p>Jo\u00e3o, o Ap\u00f3stolo e Evangelista \u2013 tamb\u00e9m conhecido como \u00abo disc\u00edpulo amado\u00bb \u2013 tem, como s\u00edmbolo representativo e t\u00edpico, uma \u201c\u00e1guia\u201d\u2026 Devido \u00e0\u00a0<em>vista perspicaz<\/em>\u00a0desta ave, capaz de ver a longas dist\u00e2ncias, n\u00e3o admira que lhe seja atribu\u00eddo, a Jo\u00e3o, esse dom de \u201cperscrutar\u201d \u2013 com aquele\u00a0<em>olhar perspicaz<\/em>\u00a0\u2013 as \u201cprofundezas\u201d do\u00a0<em>Ser de Deus (!?)<\/em>\u00a0e do\u00a0<em>Verbo Encarnado (!?)<\/em>\u2026 A nossa reflex\u00e3o de agora s\u00f3 pode ter algum sentido e certa profundidade, desde esta perspetiva <em>Joanina.<\/em><\/p>\n<p>&nbsp;<\/p>\n<p>A \u2013 Reparemos na express\u00e3o\u00a0<em>\u201cfez-Se carne\u201d<\/em>. Al\u00e9m de aceitarmos \u2013 e adorarmos! \u2013 o mist\u00e9rio que sup\u00f5e esta afirma\u00e7\u00e3o, devemos pensar no significado que pode ter para n\u00f3s\u2026 Quem \u00e9 Ele?\u2026<\/p>\n<p>B \u2013 Trata-se do Verbo (a Palavra), o mesmo Deus, que Se\u00a0<em>encarna<\/em>\u00a0ou Se\u00a0<em>faz carne<\/em>, quer dizer, \u201ctransfigura-Se\u201d em\u00a0<em>ser humano<\/em>, sem deixar de ser Deus! \u00c9 o que nos diz \u201ca teologia\u201d, a nossa F\u00e9.<\/p>\n<p>A \u2013 Claro, entre n\u00f3s \u2013 os humanos \u2013 \u00e9 bem natural falarmos esta\u00a0<em>linguagem<\/em>, porque \u00abhomem gera homem\u00bb ou \u00abcarne vem de carne\u00bb. Mas dizer que \u201cDeus Se\u00a0<em>encarnou\u201d,\u00a0<\/em>pertence a outra\u00a0<em>dimens\u00e3o<\/em>!<\/p>\n<p>B \u2013 Se considerarmos a frase completa \u2013 <em>\u201ce habitou entre n\u00f3s\u201d<\/em> \u2013 vem-nos \u00e0 mem\u00f3ria a t\u00e3o conhecida palavra\u00a0<em>\u00abEmanuel\u00bb<\/em>\u00a0(<em>Deus-connosco<\/em>), do profeta (Is 7 e 8) e do Evangelho (Mt 1)\u2026<\/p>\n<p>A \u2013 Por\u00e9m, que \u201cDeus esteja connosco\u201d percebe-se sem maior dificuldade. Mais dif\u00edcil \u00e9 entender e aceitar o\u00a0<em>modo e maneira<\/em>\u00a0como Ele <em>est\u00e1 connosco<\/em>, principalmente se temos em aten\u00e7\u00e3o o pr\u00f3prio\u00a0<em>conceito<\/em>\u00a0contido no termo\u00a0<em>\u2018encarnar\u2019,\u00a0<\/em>ou\u00a0<em>\u2018in-carnar\u2019,\u00a0<\/em>isto \u00e9, \u201centrar na carne\u201d, \u201ctornar-se carne\u201d\u2026<\/p>\n<p>B \u2013 Pois o mais interessante e admir\u00e1vel, o mais maravilhoso, \u00e9 que seja exatamente isso mesmo que acontece no mist\u00e9rio da\u00a0<em>Encarna\u00e7\u00e3o de Deus<\/em>, no seio e\u00a0<em>atrav\u00e9s da carne<\/em>\u00a0duma\u00a0<em>virgem<\/em>, Maria!<\/p>\n<p>A \u2013 Para n\u00e3o falar da interven\u00e7\u00e3o e colabora\u00e7\u00e3o\u00a0<em>secund\u00e1ria<\/em>, mas \u201cnecess\u00e1ria\u201d(!), de um homem, Jos\u00e9,\u00a0<em>\u201co var\u00e3o justo\u201d<\/em>, que fez com que o \u201csonho\u201d do Pai Deus ficasse pleno, acabado e perfeito!<\/p>\n<p>B \u2013 Temos, ent\u00e3o, que aceitar o facto de, este \u00abMist\u00e9rio da Encarna\u00e7\u00e3o de Deus\u00bb, estar envolvido numa \u201cdif\u00edcil teologia\u201d. Essa \u00e9 a verdade. Portanto, aqui entra em cena: <strong>&#8211;<\/strong> o protagonismo da nossa F\u00e9 para aceitar e assumir o \u201cMist\u00e9rio\u201d; <strong>&#8211;<\/strong> e a necessidade da nossa vontade para o Adorar e Amar!<\/p>\n<p>&nbsp;<\/p>\n<p style=\"text-align: right;\"><u>A-B<\/u>:\u00a0<strong><em>Senhor e Pai<\/em>\u00a0nosso, perante a imensidade do Mist\u00e9rio da Tua Encarna\u00e7\u00e3o,<\/strong><\/p>\n<p style=\"text-align: right;\"><strong>s\u00f3 nos cabe Amar e Adorar, ou Adorar e Amar, com todo o\u00a0<em>entendimento e vontade<\/em>.<\/strong><\/p>\n<p style=\"text-align: right;\"><strong>Ficamos absortos, abismados e maravilhados porque o Teu\u00a0<em>\u201cVerbo\u201d<\/em>, \u00f3 Pai,<\/strong><\/p>\n<p style=\"text-align: right;\"><strong>\u00e9, ao mesmo tempo, a Tua \u00ab<em>\u201cPalavra\u201d<\/em>\u00a0eterna\u00bb e o Teu\u00a0<em>\u00ab\u201cFilho\u201d muito Amado\u00bb<\/em>.<\/strong><\/p>\n<p style=\"text-align: right;\"><strong>Por isso Te pedimos a Ti, Jesus, nosso\u00a0<em>Emanuel<\/em>, que, por seres da nossa estirpe<\/strong><\/p>\n<p style=\"text-align: right;\"><strong>\u2013 \u00abcarne da nossa carne\u00bb \u2013 nunca Te afastes de n\u00f3s; que, se n\u00e3o estiveres connosco,<\/strong><\/p>\n<p style=\"text-align: right;\"><strong>onde \u00e9 que \u00edamos encontrar\u00a0<em>\u201ca Vida\u201d<\/em>\u00a0e\u00a0<em>\u201ca Luz verdadeira que alumia todo o\u00a0homem\u201d<\/em>?<\/strong><\/p>\n<p>&nbsp;<\/p>\n<p>\/\/\u00a0<em>PARA uma outra REFLEX\u00c3O ALARGADA:<\/em> <a href=\"http:\/\/palavradeamorpalavra.sallep.net\">http:\/\/palavradeamorpalavra.sallep.net<\/a><\/p>\n","protected":false},"excerpt":{"rendered":"<p>\u00a0\u2013\u00a0A\u00a0PALAVRA, Refletida\u00a0ao ritmo Lit\u00fargico \u2013 (Ciclo B \u2013 NATAL \u2013 Solenidade \u2013 Missa do Dia) \u00a0 \u201cNo princ\u00edpio era o Verbo e o Verbo estava com Deus e o Verbo era Deus\u2026 O Verbo era a luz verdadeira, que, vindo ao mundo, ilumina todo o homem\u2026 E\u00a0o Verbo fez-Se carne e habitou entre n\u00f3s. N\u00f3s [&hellip;]<\/p>\n","protected":false},"author":2,"featured_media":0,"comment_status":"open","ping_status":"open","sticky":false,"template":"","format":"standard","meta":{"footnotes":""},"categories":[6],"tags":[],"class_list":["post-5004","post","type-post","status-publish","format-standard","hentry","category-refletida","has-post-title","has-post-date","has-post-category","has-post-tag","has-post-comment","has-post-author",""],"builder_content":"","_links":{"self":[{"href":"https:\/\/palavradeamorpalavra.sallep.net\/index.php?rest_route=\/wp\/v2\/posts\/5004","targetHints":{"allow":["GET"]}}],"collection":[{"href":"https:\/\/palavradeamorpalavra.sallep.net\/index.php?rest_route=\/wp\/v2\/posts"}],"about":[{"href":"https:\/\/palavradeamorpalavra.sallep.net\/index.php?rest_route=\/wp\/v2\/types\/post"}],"author":[{"embeddable":true,"href":"https:\/\/palavradeamorpalavra.sallep.net\/index.php?rest_route=\/wp\/v2\/users\/2"}],"replies":[{"embeddable":true,"href":"https:\/\/palavradeamorpalavra.sallep.net\/index.php?rest_route=%2Fwp%2Fv2%2Fcomments&post=5004"}],"version-history":[{"count":2,"href":"https:\/\/palavradeamorpalavra.sallep.net\/index.php?rest_route=\/wp\/v2\/posts\/5004\/revisions"}],"predecessor-version":[{"id":5007,"href":"https:\/\/palavradeamorpalavra.sallep.net\/index.php?rest_route=\/wp\/v2\/posts\/5004\/revisions\/5007"}],"wp:attachment":[{"href":"https:\/\/palavradeamorpalavra.sallep.net\/index.php?rest_route=%2Fwp%2Fv2%2Fmedia&parent=5004"}],"wp:term":[{"taxonomy":"category","embeddable":true,"href":"https:\/\/palavradeamorpalavra.sallep.net\/index.php?rest_route=%2Fwp%2Fv2%2Fcategories&post=5004"},{"taxonomy":"post_tag","embeddable":true,"href":"https:\/\/palavradeamorpalavra.sallep.net\/index.php?rest_route=%2Fwp%2Fv2%2Ftags&post=5004"}],"curies":[{"name":"wp","href":"https:\/\/api.w.org\/{rel}","templated":true}]}}