{"id":5009,"date":"2020-12-24T15:55:32","date_gmt":"2020-12-24T15:55:32","guid":{"rendered":"http:\/\/palavradeamorpalavra.sallep.net\/?p=5009"},"modified":"2022-11-19T11:37:48","modified_gmt":"2022-11-19T11:37:48","slug":"tu-es-meu-filho-eu-hoje-te-gerei","status":"publish","type":"post","link":"https:\/\/palavradeamorpalavra.sallep.net\/?p=5009","title":{"rendered":"\u00abTu \u00e9s meu Filho, Eu hoje Te gerei\u00bb"},"content":{"rendered":"<p><a href=\"http:\/\/palavradeamorpalavra.sallep.net\/wp-content\/uploads\/2020\/12\/5bbb-Tu-es-meu-Filho-Eu-hoje-Te-gerei.png\"><img fetchpriority=\"high\" decoding=\"async\" class=\"aligncenter size-full wp-image-5010\" src=\"http:\/\/palavradeamorpalavra.sallep.net\/wp-content\/uploads\/2020\/12\/5bbb-Tu-es-meu-Filho-Eu-hoje-Te-gerei.png\" alt=\"\" width=\"3931\" height=\"5669\" srcset=\"https:\/\/palavradeamorpalavra.sallep.net\/wp-content\/uploads\/2020\/12\/5bbb-Tu-es-meu-Filho-Eu-hoje-Te-gerei.png 3931w, https:\/\/palavradeamorpalavra.sallep.net\/wp-content\/uploads\/2020\/12\/5bbb-Tu-es-meu-Filho-Eu-hoje-Te-gerei-208x300.png 208w, https:\/\/palavradeamorpalavra.sallep.net\/wp-content\/uploads\/2020\/12\/5bbb-Tu-es-meu-Filho-Eu-hoje-Te-gerei-710x1024.png 710w, https:\/\/palavradeamorpalavra.sallep.net\/wp-content\/uploads\/2020\/12\/5bbb-Tu-es-meu-Filho-Eu-hoje-Te-gerei-768x1108.png 768w, https:\/\/palavradeamorpalavra.sallep.net\/wp-content\/uploads\/2020\/12\/5bbb-Tu-es-meu-Filho-Eu-hoje-Te-gerei-1065x1536.png 1065w, https:\/\/palavradeamorpalavra.sallep.net\/wp-content\/uploads\/2020\/12\/5bbb-Tu-es-meu-Filho-Eu-hoje-Te-gerei-1420x2048.png 1420w, https:\/\/palavradeamorpalavra.sallep.net\/wp-content\/uploads\/2020\/12\/5bbb-Tu-es-meu-Filho-Eu-hoje-Te-gerei-710x1024-398x573.png 398w\" sizes=\"(max-width: 3931px) 100vw, 3931px\" \/><\/a><\/p>\n<p><strong>\uf0c6<\/strong> <strong><em>\u201cA qual dos Anjos, com efeito, disse Deus alguma vez: \u00ab<u>Tu \u00e9s meu Filho, Eu hoje Te gerei<\/u>\u00bb? E ainda: \u00abEu serei para Ele um Pai e Ele ser\u00e1 para Mim um Filho\u00bb?\u201d.<\/em><\/strong> [Hb 1,5 (2\u00aaL)].<\/p>\n<p><strong>\uf0c6<\/strong> <strong><em>\u201cO Verbo fez-Se carne e habitou entre n\u00f3s. N\u00f3s vimos a sua gl\u00f3ria, gl\u00f3ria que Lhe vem do Pai como Filho Unig\u00e9nito, cheio de gra\u00e7a e de verdade\u201d<\/em><\/strong><strong>.<\/strong> [Jo 1,14 (3\u00aaL)].<\/p>\n<p>&#8212;&#8212;&#8212;&#8212;&#8212;&#8212;<\/p>\n<p>Quando Deus diz \u2013 j\u00e1 no AT \u2013 <em>\u201cTu \u00e9s meu Filho, Eu hoje Te gerei\u201d<\/em>, ou ent\u00e3o \u2013 j\u00e1 no NT \u2013 <em>\u201ccomo Filho Unig\u00e9nito do Pai\u201d<\/em>, parece claro que Deus s\u00f3 tem um filho\u2026 E ent\u00e3o \u2013 pergunta-se \u2013 como \u00e9 que n\u00f3s, os humanos, somos tamb\u00e9m verdadeiros <em>\u201cfilhos de Deus\u201d<\/em>, como tantas vezes temos j\u00e1 refletido a partir de v\u00e1rios \u201ctextos b\u00edblicos\u201d?&#8230; Claro que, nalgumas \u201cpassagens\u201d, fica substitu\u00eddo \u201cunig\u00e9nito\u201d por \u2018primog\u00e9nito\u2019, talvez para dar a entender que Jesus seria \u201co primeiro entre v\u00e1rios gerados\u201d\u2026 Bom, mas isto pode ser imaginado (n\u00e3o \u2018entendido\u2019, j\u00e1 que n\u00e3o deixa de ser um mist\u00e9rio profundo) quando se aceita, como preferente, o termo <em>unig\u00e9nito<\/em>. Na verdade, Deus tem s\u00f3 um Filho (que \u00e9 ao mesmo tempo Deus e homem). Todos \u2018os outros\u2019, s\u00f3 podem <em>\u201cser filhos no Filho\u201d<\/em>, usando a express\u00e3o que subjaz em muitos \u201ctextos\u201d do NT\u2026 E se Deus s\u00f3 tem um Filho (uni-g\u00e9nito) \u2013 que somos todos n\u00f3s em Cristo Jesus \u2013 surge ent\u00e3o a quest\u00e3o: Como \u00e9 a nossa atitude a respeito dos outros \u201chumanos\u201d?&#8230; J\u00e1 que, afinal, se amamos ou deixamos de amar algu\u00e9m, \u00e9 a n\u00f3s mesmos que amamos ou deixamos de amar. E quem chega a odiar ou matar algu\u00e9m, \u00e9 a si pr\u00f3prio que se odeia ou se mata! Exatamente por essa mesma l\u00f3gica!&#8230; Quem nos libertar\u00e1 desta horr\u00edvel transgress\u00e3o, t\u00e3o profunda e encravada na nossa ra\u00e7a humana!?<\/p>\n<p><strong>\u00ab<\/strong> S\u00f3 se fores Tu, <strong>Senhora e M\u00e3e da \u00c1sia<\/strong> \u2013 \u2018Senhora de Akita\u2019 ou \u2018de Naju\u2019 \u2013 onde foste capaz de <em>suar e verter sangue,<\/em> como o Teu Filho Jesus, para mostrar o quanto \u00e9 urgente a convers\u00e3o de todos os teus \u00abfilhos no Filho Jesus\u00bb! E, em palavras tuas transmitidas a testemunhas daquelas terras: \u201cQue parem, de vez, com a horr\u00edvel matan\u00e7a de tantos inocentes atrav\u00e9s dos abortos\u201d (pela m\u00e3o de p\u00e9rfidos \u2018Herodes\u2019 atuais!)\u2026 Mas que toda a \u201cfam\u00edlia reze unida para permanecer unida\u201d. &#8211; E que <em>o \u201cTeu Menino\u201d<\/em> (desde este <em>Bel\u00e9m<\/em> de sempre) queira mudar os \u201ccora\u00e7\u00f5es de pedra\u201d em \u201ccora\u00e7\u00f5es de carne\u201d. Verdadeira e radical \u00abmetamorfose\u00bb do esp\u00edrito!<\/p>\n<p><u>\u00a0<\/u><\/p>\n<p><u>NOTA<\/u><u>(S)<\/u> COMPLEMENTAR(ES):<\/p>\n<p>1-] \u00a0a)- Ameixeira asi\u00e1tica (<em>Prunus salicina\u2026<\/em>). \u00c9 uma \u00e1rvore frut\u00edfera representativa da \u00c1sia, estendida sobretudo pela metade oriental (a que pertencem a Coreia e o Jap\u00e3o). \u00c9 igualmente conhecida como \u2018ameixeira chinesa\u2019 e \u2018ameixeira japonesa\u2019. S\u00e3o tamb\u00e9m \u00e1rvores famosas pela sua \u201cbela flora\u00e7\u00e3o\u201d (em grandes extens\u00f5es)\u2026<\/p>\n<p>b)- Nossa Senhora <u>de Akita<\/u> (no Jap\u00e3o) e <u>de Naju<\/u> (na Coreia do Sul), a que n\u00f3s chamamos aqui \u2018Senhora da \u00c1sia\u2019. Aparecida a duas mulheres, nestas duas cidades, respetivamente, para, como sempre, transmitir aos humanos algumas \u201cmensagens\u201d: a import\u00e2ncia do Sacramento da EUCARISTIA na vida dos fi\u00e9is; a ora\u00e7\u00e3o pela convers\u00e3o dos pecadores e pela uni\u00e3o da fam\u00edlia; e que parem os crimes dos abortos provocados\u2026<\/p>\n<p>2-] \u00a0A ordem dos principais <em>\u2018Lugares\u2019<\/em> (Santu\u00e1rios-Apari\u00e7\u00f5es-T\u00edtulos-Invoca\u00e7\u00f5es\u2026) de <strong>\u2018NOSSA SENHORA\u2019 e M\u00e3e, Maria,<\/strong> <em>\u2018visitados\u2019 na Reflex\u00e3o,<\/em> <u>at\u00e9 ao presente<\/u>, s\u00e3o:<\/p>\n<p>&#8212;\u00a0 1. F\u00c1TIMA (Portugal) \u2013 2. GUADALUPE (M\u00e9xico) \u2013 3. LURDES (Fran\u00e7a) \u2013 4. APARECIDA (Brasil) \u2013 5. KIBEHO (Ruanda\/\u00c1frica) \u2013 6. AKITA-NAJU (\u00c1sia) \u2013<\/p>\n<p>&nbsp;<\/p>\n<p>\/\/\u00a0<em>PARA uma outra REFLEX\u00c3O ALARGADA:<\/em> <a href=\"http:\/\/palavradeamorpalavra.sallep.net\">http:\/\/palavradeamorpalavra.sallep.net<\/a><\/p>\n","protected":false},"excerpt":{"rendered":"<p>\uf0c6 \u201cA qual dos Anjos, com efeito, disse Deus alguma vez: \u00abTu \u00e9s meu Filho, Eu hoje Te gerei\u00bb? E ainda: \u00abEu serei para Ele um Pai e Ele ser\u00e1 para Mim um Filho\u00bb?\u201d. [Hb 1,5 (2\u00aaL)]. \uf0c6 \u201cO Verbo fez-Se carne e habitou entre n\u00f3s. N\u00f3s vimos a sua gl\u00f3ria, gl\u00f3ria que Lhe vem [&hellip;]<\/p>\n","protected":false},"author":2,"featured_media":0,"comment_status":"open","ping_status":"open","sticky":false,"template":"","format":"standard","meta":{"footnotes":""},"categories":[6],"tags":[],"class_list":["post-5009","post","type-post","status-publish","format-standard","hentry","category-refletida","has-post-title","has-post-date","has-post-category","has-post-tag","has-post-comment","has-post-author",""],"builder_content":"","_links":{"self":[{"href":"https:\/\/palavradeamorpalavra.sallep.net\/index.php?rest_route=\/wp\/v2\/posts\/5009","targetHints":{"allow":["GET"]}}],"collection":[{"href":"https:\/\/palavradeamorpalavra.sallep.net\/index.php?rest_route=\/wp\/v2\/posts"}],"about":[{"href":"https:\/\/palavradeamorpalavra.sallep.net\/index.php?rest_route=\/wp\/v2\/types\/post"}],"author":[{"embeddable":true,"href":"https:\/\/palavradeamorpalavra.sallep.net\/index.php?rest_route=\/wp\/v2\/users\/2"}],"replies":[{"embeddable":true,"href":"https:\/\/palavradeamorpalavra.sallep.net\/index.php?rest_route=%2Fwp%2Fv2%2Fcomments&post=5009"}],"version-history":[{"count":1,"href":"https:\/\/palavradeamorpalavra.sallep.net\/index.php?rest_route=\/wp\/v2\/posts\/5009\/revisions"}],"predecessor-version":[{"id":5011,"href":"https:\/\/palavradeamorpalavra.sallep.net\/index.php?rest_route=\/wp\/v2\/posts\/5009\/revisions\/5011"}],"wp:attachment":[{"href":"https:\/\/palavradeamorpalavra.sallep.net\/index.php?rest_route=%2Fwp%2Fv2%2Fmedia&parent=5009"}],"wp:term":[{"taxonomy":"category","embeddable":true,"href":"https:\/\/palavradeamorpalavra.sallep.net\/index.php?rest_route=%2Fwp%2Fv2%2Fcategories&post=5009"},{"taxonomy":"post_tag","embeddable":true,"href":"https:\/\/palavradeamorpalavra.sallep.net\/index.php?rest_route=%2Fwp%2Fv2%2Ftags&post=5009"}],"curies":[{"name":"wp","href":"https:\/\/api.w.org\/{rel}","templated":true}]}}