{"id":5013,"date":"2020-12-26T08:18:06","date_gmt":"2020-12-26T08:18:06","guid":{"rendered":"http:\/\/palavradeamorpalavra.sallep.net\/?p=5013"},"modified":"2022-11-23T07:50:16","modified_gmt":"2022-11-23T07:50:16","slug":"para-ser-sinal-de-contradicao-2","status":"publish","type":"post","link":"https:\/\/palavradeamorpalavra.sallep.net\/?p=5013","title":{"rendered":"\u00abPara ser sinal de contradi\u00e7\u00e3o\u00bb"},"content":{"rendered":"<p><a href=\"http:\/\/palavradeamorpalavra.sallep.net\/wp-content\/uploads\/2020\/12\/6bb-Para-ser-sinal-de-contradicao.png\"><img fetchpriority=\"high\" decoding=\"async\" class=\"aligncenter size-full wp-image-5014\" src=\"http:\/\/palavradeamorpalavra.sallep.net\/wp-content\/uploads\/2020\/12\/6bb-Para-ser-sinal-de-contradicao.png\" alt=\"\" width=\"265\" height=\"269\" srcset=\"https:\/\/palavradeamorpalavra.sallep.net\/wp-content\/uploads\/2020\/12\/6bb-Para-ser-sinal-de-contradicao.png 265w, https:\/\/palavradeamorpalavra.sallep.net\/wp-content\/uploads\/2020\/12\/6bb-Para-ser-sinal-de-contradicao-50x50.png 50w, https:\/\/palavradeamorpalavra.sallep.net\/wp-content\/uploads\/2020\/12\/6bb-Para-ser-sinal-de-contradicao-398x404.png 398w\" sizes=\"(max-width: 265px) 100vw, 265px\" \/><\/a><\/p>\n<p><strong>\u2013\u00a0<em>A<\/em>\u00a0<em>PALAVRA, Refletida<\/em>\u00a0ao ritmo Lit\u00fargico \u2013<\/strong><\/p>\n<p><em>( Ciclo B \u2013 SAGRADA FAM\u00cdLIA )<\/em><\/p>\n<p><em><strong>\u00a0<\/strong><\/em><\/p>\n<p><em><strong>\u201cSime\u00e3o aben\u00e7oou-os e disse a Maria, sua M\u00e3e: \u00abEste Menino foi estabelecido para que muitos caiam ou se levantem em Israel e\u00a0<u>para ser sinal de contradi\u00e7\u00e3o<\/u>; \u2013 e uma espada trespassar\u00e1 a tua alma \u2013 assim se revelar\u00e3o os pensamentos de todos os cora\u00e7\u00f5es\u00bb\u201d. (Lc 2,34-35 \/\u00a03\u00aa L.).\u00a0<\/strong><\/em><\/p>\n<p>&nbsp;<\/p>\n<p>Neste breve texto evang\u00e9lico \u2013 apenas dois vers\u00edculos \u2013 evidenciam-se alguns termos um tanto estranhos, como:\u00a0<em>cair<\/em>,\u00a0<em>levantar-se<\/em>,\u00a0<em>sinal<\/em>,\u00a0<em>contradi\u00e7\u00e3o<\/em>; e duas express\u00f5es enigm\u00e1ticas:\u00a0<em>\u201cuma espada trespassar\u00e1 a tua alma\u201d<\/em>\u00a0e\u00a0<em>\u201cpara se revelarem os pensamentos de todos os cora\u00e7\u00f5es\u201d<\/em>\u2026 E tudo, como consequ\u00eancia de uma \u00abb\u00ean\u00e7\u00e3o\u00bb do\u00a0<em>\u201cprofeta\u201d Sime\u00e3o<\/em>\u00a0sobre aquela\u00a0<em>Sagrada Fam\u00edlia<\/em>\u2026<\/p>\n<p>&nbsp;<\/p>\n<p>A \u2013 Desde logo, trata-se de uma\u00a0<em>profecia<\/em>, no sentido de previs\u00e3o de acontecimentos futuros\u2026 Mesmo assim, h\u00e1 quem levante uma quest\u00e3o, como em casos similares: Como \u00e9 que pode ser \u201cprofecia\u201d algo que foi escrito bastantes anos ap\u00f3s a realiza\u00e7\u00e3o dos factos \u201cprofetizados\u201d?\u2026<\/p>\n<p>B \u2013 Esta quest\u00e3o poderia ter alguma raz\u00e3o se n\u00e3o aceit\u00e1ssemos a palavra de Maria \u2013\u00a0<em>que o contou ao evangelista Lucas<\/em>\u00a0\u2013 como verdadeira! Ou, ser\u00e1 que poderia mentir Nossa Senhora?\u2026<\/p>\n<p>A \u2013 Bom, mas esque\u00e7amos as d\u00favidas, e deixemos os que s\u00e3o livres de duvidar. E vamos ao que interessa! Qual o significado que pode ter a express\u00e3o final e conclusiva,\u00a0<em>\u201cse revelar\u00e3o os pensamentos de todos os cora\u00e7\u00f5es\u201d,<\/em>\u00a0pois esta parece ser\u00a0<em>a conclus\u00e3o<\/em>\u00a0de todo o anterior?<\/p>\n<p>B \u2013 Reparemos que a palavra-chave de toda a\u00a0<em>interven\u00e7\u00e3o prof\u00e9tica<\/em>\u00a0do anci\u00e3o Sime\u00e3o \u00e9 a \u00abluz\u00bb, que aparece no vers\u00edculo anterior (ver\u00a0<em>Leitura 3\u00aa<\/em>),\u00a0<em>\u201cLuz para se revelar \u00e0s na\u00e7\u00f5es\u201d<\/em>\u2026 Ent\u00e3o, perante\u00a0<em>essa Luz<\/em>\u00a0\u2013 que \u00e9 o\u00a0<em>Menino Jesus Salvador<\/em>\u00a0\u2013 tudo fica claro, at\u00e9 os mais ocultos\u00a0<em>\u201cpensamentos\u201d!<\/em><\/p>\n<p>A \u2013 E assim, fica esclarecido: que sejam derrubados (<em>\u201ccaiam\u201d<\/em>) os ricos e soberbos, e que sejam exaltados (<em>\u201cse levantem\u201d<\/em>) os humildes e pobres. Ou seja, a mesma profecia de Maria no\u00a0<em>Magnificat<\/em>.<\/p>\n<p>B \u2013 Mas para tal, ser\u00e1 preciso percorrer antes uma \u00abvia sacra\u00bb. Para este Menino: um\u00a0<em>caminho de cruz<\/em>\u00a0(\u00abvia crucis\u00bb); e: uma\u00a0<em>via dolorosa<\/em>\u00a0para a M\u00e3e, Maria, cuja\u00a0<em>\u201calma, uma espada trespassar\u00e1\u201d<\/em>\u2026<\/p>\n<p>A \u2013 A esta mesma \u2018luz\u2019, interpreta-se\u00a0<em>o\u00a0<u>sublinhado<\/u><\/em>:\u00a0<em>\u201cSer\u00e1 sinal de contradi\u00e7\u00e3o\u201d,\u00a0<\/em>como\u00a0<em>Salvador<\/em>, este \u2018fr\u00e1gil e terno\u201d beb\u00e9, nascido\u00a0<em>homem<\/em>\u00a0no seio desta\u00a0<em>Fam\u00edlia<\/em>\u00a0sem deixar de ser\u00a0<em>Filho de Deus<\/em>!<\/p>\n<p>&nbsp;<\/p>\n<p style=\"text-align: right;\"><u>A-B<\/u>:\u00a0<strong>N\u00f3s n\u00e3o podemos dizer ainda, \u00f3 Pai nosso, como o anci\u00e3o Sime\u00e3o,<\/strong><\/p>\n<p style=\"text-align: right;\"><strong>\u201cdeixa-nos ir em paz\u201d, porque n\u00e3o temos completado \u201ca nossa carreira\u201d\u2026<\/strong><\/p>\n<p style=\"text-align: right;\"><strong>N\u00f3s temos ainda que continuar a percorrer, com Jesus, o\u00a0<\/strong><em><strong>caminho da Paix\u00e3o<\/strong><\/em><strong>;<\/strong><\/p>\n<p style=\"text-align: right;\"><strong>e, como Maria, Sua e nossa M\u00e3e, para receber a \u201cespada\u201d que vir\u00e1 dessa\u00a0<\/strong><em><strong>Paix\u00e3o<\/strong><\/em><strong>.<\/strong><\/p>\n<p style=\"text-align: right;\"><strong>\u00d3 Jesus, Maria e Jos\u00e9, que aprendamos a aceitar a\u00a0<\/strong><em><strong>voca\u00e7\u00e3o<\/strong><\/em><strong>\u00a0e\u00a0<\/strong><em><strong>miss\u00e3o<\/strong><\/em><strong>\u00a0de:<\/strong><\/p>\n<p style=\"text-align: right;\"><strong>tamb\u00e9m n\u00f3s como Ele (se formos seus verdadeiros disc\u00edpulos)<\/strong><\/p>\n<p style=\"text-align: right;\"><strong>carregarmos, com amor, a cruz de\u00a0<\/strong><em><strong>\u201csermos sinal de contradi\u00e7\u00e3o\u201d<\/strong><\/em><strong>!<\/strong><\/p>\n<p>&nbsp;<\/p>\n<p><strong>\u00a0\u00a0<\/strong>\/\/\u00a0<em>PARA uma outra REFLEX\u00c3O ALARGADA:<\/em> <a href=\"http:\/\/palavradeamorpalavra.sallep.net\">http:\/\/palavradeamorpalavra.sallep.net<\/a><\/p>\n","protected":false},"excerpt":{"rendered":"<p>\u2013\u00a0A\u00a0PALAVRA, Refletida\u00a0ao ritmo Lit\u00fargico \u2013 ( Ciclo B \u2013 SAGRADA FAM\u00cdLIA ) \u00a0 \u201cSime\u00e3o aben\u00e7oou-os e disse a Maria, sua M\u00e3e: \u00abEste Menino foi estabelecido para que muitos caiam ou se levantem em Israel e\u00a0para ser sinal de contradi\u00e7\u00e3o; \u2013 e uma espada trespassar\u00e1 a tua alma \u2013 assim se revelar\u00e3o os pensamentos de todos [&hellip;]<\/p>\n","protected":false},"author":2,"featured_media":0,"comment_status":"open","ping_status":"open","sticky":false,"template":"","format":"standard","meta":{"footnotes":""},"categories":[6],"tags":[],"class_list":["post-5013","post","type-post","status-publish","format-standard","hentry","category-refletida","has-post-title","has-post-date","has-post-category","has-post-tag","has-post-comment","has-post-author",""],"builder_content":"","_links":{"self":[{"href":"https:\/\/palavradeamorpalavra.sallep.net\/index.php?rest_route=\/wp\/v2\/posts\/5013","targetHints":{"allow":["GET"]}}],"collection":[{"href":"https:\/\/palavradeamorpalavra.sallep.net\/index.php?rest_route=\/wp\/v2\/posts"}],"about":[{"href":"https:\/\/palavradeamorpalavra.sallep.net\/index.php?rest_route=\/wp\/v2\/types\/post"}],"author":[{"embeddable":true,"href":"https:\/\/palavradeamorpalavra.sallep.net\/index.php?rest_route=\/wp\/v2\/users\/2"}],"replies":[{"embeddable":true,"href":"https:\/\/palavradeamorpalavra.sallep.net\/index.php?rest_route=%2Fwp%2Fv2%2Fcomments&post=5013"}],"version-history":[{"count":2,"href":"https:\/\/palavradeamorpalavra.sallep.net\/index.php?rest_route=\/wp\/v2\/posts\/5013\/revisions"}],"predecessor-version":[{"id":5016,"href":"https:\/\/palavradeamorpalavra.sallep.net\/index.php?rest_route=\/wp\/v2\/posts\/5013\/revisions\/5016"}],"wp:attachment":[{"href":"https:\/\/palavradeamorpalavra.sallep.net\/index.php?rest_route=%2Fwp%2Fv2%2Fmedia&parent=5013"}],"wp:term":[{"taxonomy":"category","embeddable":true,"href":"https:\/\/palavradeamorpalavra.sallep.net\/index.php?rest_route=%2Fwp%2Fv2%2Fcategories&post=5013"},{"taxonomy":"post_tag","embeddable":true,"href":"https:\/\/palavradeamorpalavra.sallep.net\/index.php?rest_route=%2Fwp%2Fv2%2Ftags&post=5013"}],"curies":[{"name":"wp","href":"https:\/\/api.w.org\/{rel}","templated":true}]}}