{"id":5018,"date":"2020-12-26T08:24:04","date_gmt":"2020-12-26T08:24:04","guid":{"rendered":"http:\/\/palavradeamorpalavra.sallep.net\/?p=5018"},"modified":"2022-11-23T03:03:30","modified_gmt":"2022-11-23T03:03:30","slug":"deus-quis-honrar-os-pais-nos-filhos-2","status":"publish","type":"post","link":"https:\/\/palavradeamorpalavra.sallep.net\/?p=5018","title":{"rendered":"\u00abDeus quis honrar os pais nos filhos&#8230;\u00bb"},"content":{"rendered":"<p><a href=\"http:\/\/palavradeamorpalavra.sallep.net\/wp-content\/uploads\/2020\/12\/6bbb-Deus-quis-honrar-os-pais-nos-filhos....png\"><img fetchpriority=\"high\" decoding=\"async\" class=\"aligncenter size-full wp-image-5019\" src=\"http:\/\/palavradeamorpalavra.sallep.net\/wp-content\/uploads\/2020\/12\/6bbb-Deus-quis-honrar-os-pais-nos-filhos....png\" alt=\"\" width=\"987\" height=\"1463\" srcset=\"https:\/\/palavradeamorpalavra.sallep.net\/wp-content\/uploads\/2020\/12\/6bbb-Deus-quis-honrar-os-pais-nos-filhos....png 987w, https:\/\/palavradeamorpalavra.sallep.net\/wp-content\/uploads\/2020\/12\/6bbb-Deus-quis-honrar-os-pais-nos-filhos...-202x300.png 202w, https:\/\/palavradeamorpalavra.sallep.net\/wp-content\/uploads\/2020\/12\/6bbb-Deus-quis-honrar-os-pais-nos-filhos...-691x1024.png 691w, https:\/\/palavradeamorpalavra.sallep.net\/wp-content\/uploads\/2020\/12\/6bbb-Deus-quis-honrar-os-pais-nos-filhos...-768x1138.png 768w, https:\/\/palavradeamorpalavra.sallep.net\/wp-content\/uploads\/2020\/12\/6bbb-Deus-quis-honrar-os-pais-nos-filhos...-691x1024-398x589.png 398w\" sizes=\"(max-width: 987px) 100vw, 987px\" \/><\/a><\/p>\n<p><strong>\uf0c6<\/strong> <strong><em>\u201c<u>Deus quis honrar os pais nos filhos<\/u> e firmou sobre eles a autoridade da m\u00e3e. Quem honra seu pai obt\u00e9m o perd\u00e3o dos pecados, e acumula um tesouro quem honra sua m\u00e3e\u2026\u201d.<\/em><\/strong> [Sir 3,2 (1\u00aaL)].<\/p>\n<p><strong>\uf0c6<\/strong> <strong><em>\u201cO pai e a m\u00e3e do Menino Jesus\u2026 cumpridas todas as prescri\u00e7\u00f5es da Lei do Senhor, em Jerusal\u00e9m, voltaram para a Galileia, para a sua cidade de Nazar\u00e9. Entretanto, o Menino crescia, tornava-Se robusto e enchia-Se de sabedoria. E a gra\u00e7a de Deus estava com Ele\u201d<\/em><\/strong><strong>.<\/strong> [Lc 2,39-40 (3\u00aaL)].<\/p>\n<p>&#8212;&#8212;&#8212;&#8212;&#8212;&#8212;<\/p>\n<p>Nesta festa da Sagrada Fam\u00edlia, exemplo e modelo para cada \u201cfam\u00edlia humana\u201d, somos obrigados a aprofundar nos \u201cplanos de Deus\u201d, nos seus \u201cdes\u00edgnios\u201d admir\u00e1veis, tantas vezes incompreens\u00edveis, insond\u00e1veis, para n\u00f3s, os humanos!&#8230; <em>\u201cDeus quis honrar os pais nos filhos\u201d<\/em>, e vice-versa, como se deduz do contexto. Ou, ent\u00e3o, este outro <em>texto<\/em>, <em>\u201co pai e a m\u00e3e do Menino Jesus estavam admirados\u2026\u201d<\/em>. S\u00e3o duas \u201cpassagens\u201d da <em>Palavra<\/em> de hoje, que aludem, claramente, \u00e0 \u2018fam\u00edlia humana\u2019: \u00e0 de Jesus, de Nazar\u00e9, e a toda outra fam\u00edlia, como <em>\u2018c\u00e9lula\u2019 da sociedade humana<\/em>\u2026 Nalguma reflex\u00e3o anterior foi afirmado, que Deus \u201cinventou\u201d a fam\u00edlia humana, para podermos <em>ter e viver<\/em> o exemplo da divina <em>Fam\u00edlia Trinit\u00e1ria<\/em>. Agora podemos avan\u00e7ar \u2018completando\u2019 (?) esta maravilhosa \u201ccria\u00e7\u00e3o\u201d de Deus. E perguntamo-nos, como \u00e9 que Deus \u2013 na sua Fam\u00edlia-Trindade \u2013 podia <em>exibir<\/em> a \u201cimagem\u201d de \u201cm\u00e3e\u201d e a de \u201cirm\u00e3o\u201d (\u2018maternidade\u2019 e \u2018fraternidade\u2019), se na Trindade Divina s\u00f3 existe a imagem de \u201cpai\u201d e de \u201cfilho\u201d (<em>paternidade<\/em> e <em>filia\u00e7\u00e3o<\/em>)?&#8230; J\u00e1 vimos que o Pai tem um s\u00f3 Filho (unig\u00e9nito), e todos n\u00f3s somos <em>filhos nesse \u00fanico Filho.<\/em> Isto ficou esclarecido na reflex\u00e3o anterior. Era necess\u00e1rio portanto, <em>criar<\/em> a \u2018fam\u00edlia humana\u2019, no interior da qual pode aparecer a \u201cimagem\u201d de \u201cirm\u00e3os\u201d, o seja, a \u2018rela\u00e7\u00e3o fraterna\u2019, a <em>fraternidade<\/em>\u2026 E faltava-nos saber tamb\u00e9m que a <em>paternidade<\/em> de Deus n\u00e3o \u00e9 apenas e s\u00f3 \u2018de pai\u2019 (!), mas \u00e9 tamb\u00e9m \u2018de m\u00e3e\u2019, cuja \u2018figura\u2019 s\u00f3 aparece se houver <em>fam\u00edlia humana<\/em>. Assim, podemos entender a <em>\u201cRevela\u00e7\u00e3o\u201d<\/em> de Jesus de Nazar\u00e9, o Filho, quando nos ensinou a chamar a Deus: <em>\u00abAbb\u00e1\u00bb<\/em>, isto \u00e9, \u201cpaizinho\u201d ou \u201cpapai\u201d, onde cada vez \u00e9 mais frequente entendermos este sentido <em>Materno<\/em>. Ou seja, <em>\u00abAbb\u00e1\u00bb<\/em> \u00e9 \u00abPai-M\u00e3e\u00bb!<strong>\u00a0 <\/strong><\/p>\n<p><strong>\u00ab<\/strong> <strong>\u00a0<\/strong>E Tu, <strong>Senhora nossa, Auxiliadora, M\u00e3e da Oce\u00e2nia<\/strong>, \u00abAux\u00edlio dos crist\u00e3os\u00bb, n\u00e3o s\u00f3 nos perigos mas em todo o momento. Tu, que tantas vezes apareces <em>com o teu Filhinho ao colo<\/em>, como nesta tua \u201cImagem\u201d, ajuda-nos a mudar e a melhorar as nossas rela\u00e7\u00f5es <em>familiares<\/em> e, principalmente, a <em>transformar<\/em> a nossa rala\u00e7\u00e3o <em>filial <\/em>com Deus: que deixe de ser talvez fria e distante e passe a ser uma atitude confiada e carinhosa, como nos ensinou Jesus, ao dizer <strong><em>\u2018Abb\u00e1\u2019<\/em><\/strong> (<strong>Pai-M\u00e3e<\/strong>!)&#8230; Assim, era preciso que Deus \u201cinventasse\u201d a \u2018mulher\u2019, a \u2018m\u00e3e\u2019! Era mesmo necess\u00e1rio que te \u201cgerasse\u201d a Ti, Maria, <em>modelo acabado<\/em> de \u201cmulher-m\u00e3e\u201d, para termos a \u2018imagem\u2019 perfeita de Quem ELE era e \u00e9: <em>\u00abABB\u00c1\u00bb<\/em>.<\/p>\n<p>&nbsp;<\/p>\n<p><u>NOTA<\/u><u>(S)<\/u> COMPLEMENTAR(ES):<\/p>\n<p>1-] \u00a0a)- <u>Eucalipto arco-\u00edris<\/u> (<em>Eucalyptus deglupta<\/em>). \u00c9 uma \u00e1rvore representativa da zona ocidental da Oce\u00e2nia. Nativa da ilha de <em>Mindanao<\/em> (Filipinas), encontra-se em muitas outras ilhas, nomeadamente nas grandes ilhas de <em>Papua, Nova Guin\u00e9<\/em> e <em>Indon\u00e9sia<\/em>\u2026<\/p>\n<p>b)- Nossa <u>Senhora Auxiliadora<\/u> em Oce\u00e2nia. Ainda que n\u00e3o se trate de Apari\u00e7\u00f5es, a Imagem desta <em>Invoca\u00e7\u00e3o<\/em> \u00e9 venerada, como M\u00e3e e Padroeira, em v\u00e1rios lugares deste Continente Oce\u00e2nico, sobretudo nos Santu\u00e1rios de <em>Port Moresby<\/em> (Papua-Nova Guin\u00e9) e de <em>Sidney<\/em> (Austr\u00e1lia)\u2026 A <em>Invoca\u00e7\u00e3o<\/em> tem a sua origem no s\u00e9culo XVI (1571), quando, na batalha de Lepanto, os crist\u00e3os conseguiram travar o avance dos otomanos (turcos mu\u00e7ulmanos) que queriam conquistar Europa. Ali, o Papa deu este novo t\u00edtulo a Maria: \u00ab<em>Aux\u00edlio dos Crist\u00e3os\u00ab.<\/em><\/p>\n<p>2-] \u00a0A ordem dos principais <em>\u2018Lugares\u2019<\/em> (Santu\u00e1rios-Apari\u00e7\u00f5es-T\u00edtulos-Invoca\u00e7\u00f5es\u2026) de <strong>\u2018NOSSA SENHORA\u2019 e M\u00e3e, Maria,<\/strong> <em>\u2018visitados\u2019 na Reflex\u00e3o,<\/em> <u>at\u00e9 ao presente<\/u>, s\u00e3o:<\/p>\n<p>&#8212;\u00a0 1. F\u00c1TIMA (Portugal) \u2013 2. GUADALUPE (M\u00e9xico) \u2013 3. LURDES (Fran\u00e7a) \u2013 4. APARECIDA (Brasil) \u2013 5. KIBEHO (Ruanda\/\u00c1frica) \u2013 6. AKITA-NAJU (\u00c1sia) \u2013 7. AUXILIADORA (Papua-Nova Guin\u00e9\/Oce\u00e2nia) \u2013<\/p>\n<p>&nbsp;<\/p>\n<p>\/\/\u00a0<em>PARA uma outra REFLEX\u00c3O ALARGADA:<\/em> <a href=\"http:\/\/palavradeamorpalavra.sallep.net\">http:\/\/palavradeamorpalavra.sallep.net<\/a><\/p>\n","protected":false},"excerpt":{"rendered":"<p>\uf0c6 \u201cDeus quis honrar os pais nos filhos e firmou sobre eles a autoridade da m\u00e3e. Quem honra seu pai obt\u00e9m o perd\u00e3o dos pecados, e acumula um tesouro quem honra sua m\u00e3e\u2026\u201d. [Sir 3,2 (1\u00aaL)]. \uf0c6 \u201cO pai e a m\u00e3e do Menino Jesus\u2026 cumpridas todas as prescri\u00e7\u00f5es da Lei do Senhor, em Jerusal\u00e9m, [&hellip;]<\/p>\n","protected":false},"author":2,"featured_media":0,"comment_status":"open","ping_status":"open","sticky":false,"template":"","format":"standard","meta":{"footnotes":""},"categories":[6],"tags":[],"class_list":["post-5018","post","type-post","status-publish","format-standard","hentry","category-refletida","has-post-title","has-post-date","has-post-category","has-post-tag","has-post-comment","has-post-author",""],"builder_content":"","_links":{"self":[{"href":"https:\/\/palavradeamorpalavra.sallep.net\/index.php?rest_route=\/wp\/v2\/posts\/5018","targetHints":{"allow":["GET"]}}],"collection":[{"href":"https:\/\/palavradeamorpalavra.sallep.net\/index.php?rest_route=\/wp\/v2\/posts"}],"about":[{"href":"https:\/\/palavradeamorpalavra.sallep.net\/index.php?rest_route=\/wp\/v2\/types\/post"}],"author":[{"embeddable":true,"href":"https:\/\/palavradeamorpalavra.sallep.net\/index.php?rest_route=\/wp\/v2\/users\/2"}],"replies":[{"embeddable":true,"href":"https:\/\/palavradeamorpalavra.sallep.net\/index.php?rest_route=%2Fwp%2Fv2%2Fcomments&post=5018"}],"version-history":[{"count":2,"href":"https:\/\/palavradeamorpalavra.sallep.net\/index.php?rest_route=\/wp\/v2\/posts\/5018\/revisions"}],"predecessor-version":[{"id":5021,"href":"https:\/\/palavradeamorpalavra.sallep.net\/index.php?rest_route=\/wp\/v2\/posts\/5018\/revisions\/5021"}],"wp:attachment":[{"href":"https:\/\/palavradeamorpalavra.sallep.net\/index.php?rest_route=%2Fwp%2Fv2%2Fmedia&parent=5018"}],"wp:term":[{"taxonomy":"category","embeddable":true,"href":"https:\/\/palavradeamorpalavra.sallep.net\/index.php?rest_route=%2Fwp%2Fv2%2Fcategories&post=5018"},{"taxonomy":"post_tag","embeddable":true,"href":"https:\/\/palavradeamorpalavra.sallep.net\/index.php?rest_route=%2Fwp%2Fv2%2Ftags&post=5018"}],"curies":[{"name":"wp","href":"https:\/\/api.w.org\/{rel}","templated":true}]}}