{"id":5022,"date":"2020-12-31T12:24:30","date_gmt":"2020-12-31T12:24:30","guid":{"rendered":"http:\/\/palavradeamorpalavra.sallep.net\/?p=5022"},"modified":"2022-11-17T15:48:51","modified_gmt":"2022-11-17T15:48:51","slug":"meditando-as-no-seu-coracao-2","status":"publish","type":"post","link":"https:\/\/palavradeamorpalavra.sallep.net\/?p=5022","title":{"rendered":"\u00abMeditando-as no seu cora\u00e7\u00e3o&#8230;\u00bb"},"content":{"rendered":"<p><a href=\"http:\/\/palavradeamorpalavra.sallep.net\/wp-content\/uploads\/2020\/12\/59bb-Meditando-as-no-seu-coracao.jpg\"><img fetchpriority=\"high\" decoding=\"async\" class=\"aligncenter size-full wp-image-5023\" src=\"http:\/\/palavradeamorpalavra.sallep.net\/wp-content\/uploads\/2020\/12\/59bb-Meditando-as-no-seu-coracao.jpg\" alt=\"\" width=\"963\" height=\"800\" srcset=\"https:\/\/palavradeamorpalavra.sallep.net\/wp-content\/uploads\/2020\/12\/59bb-Meditando-as-no-seu-coracao.jpg 963w, https:\/\/palavradeamorpalavra.sallep.net\/wp-content\/uploads\/2020\/12\/59bb-Meditando-as-no-seu-coracao-300x249.jpg 300w, https:\/\/palavradeamorpalavra.sallep.net\/wp-content\/uploads\/2020\/12\/59bb-Meditando-as-no-seu-coracao-768x638.jpg 768w, https:\/\/palavradeamorpalavra.sallep.net\/wp-content\/uploads\/2020\/12\/59bb-Meditando-as-no-seu-coracao-398x330.jpg 398w\" sizes=\"(max-width: 963px) 100vw, 963px\" \/><\/a><\/p>\n<p><strong>\u2013\u00a0<em>A<\/em>\u00a0<em>PALAVRA, Refletida<\/em>\u00a0ao ritmo Lit\u00fargico \u2013<\/strong><\/p>\n<p><em>( Ciclo B \u2013 Santa Maria, M\u00c3E de DEUS \u2013 1 de jan. )<\/em><\/p>\n<p><em><strong>\u00a0<\/strong><\/em><\/p>\n<p><em><strong>\u201cNaquele tempo, os pastores dirigiram-se apressadamente para Bel\u00e9m e encontraram Maria, Jos\u00e9 e o Menino deitado na manjedoura\u2026 e Maria conservava todas estas coisas, <u>meditando-as no seu cora\u00e7\u00e3o<\/u>\u201d. (Lc 2, 16.19\u00a0\/ 3\u00aa L.).<\/strong><\/em><\/p>\n<p>&nbsp;<\/p>\n<p>V\u00ea-se logo que o Evangelista\u00a0<em>Lucas<\/em>\u00a0n\u00e3o pode disfar\u00e7ar a sua predile\u00e7\u00e3o por Maria; pois, neste caso, ao nomear os protagonistas da cena, p\u00f5e em primeiro lugar Maria (quando, naturalmente, a ordem seria outra). Isto demonstra igualmente \u2013 segundo reconhece\u00a0<em>a Tradi\u00e7\u00e3o<\/em>\u00a0\u2013 que S. Lucas aproveitou toda a ocasi\u00e3o, nos seus encontros com Maria, naquelas primeiras comunidades crist\u00e3s, para escutar, em primeira m\u00e3o e dos l\u00e1bios d\u2019Ela, <em>palavras<\/em> e <em>factos<\/em> que mais ningu\u00e9m podia conhecer naquele tempo\u2026<\/p>\n<p>&nbsp;<\/p>\n<p>A \u2013 Podemos pensar, tamb\u00e9m, que S. Lucas, no tempo em que escrevia ele este belo texto, entendeu \u2013 como \u201cautor inspirado\u201d \u2013 que, nesse momento, era Maria, a M\u00e3e, quem devia ter a \u201cprefer\u00eancia\u201d\u2026<\/p>\n<p>B \u2013 Apesar de que \u201co sinal\u201d dado pelos anjos \u00e9\u00a0<em>\u201cencontrar um menino envolto em panos numa manjedoura\u201d<\/em>, a\u00a0<em>m\u00e3e<\/em>\u00a0desse \u00abmenino excelso\u00bb n\u00e3o deixa de ter aqui a\u00a0<em>import\u00e2ncia<\/em>\u00a0que merece\u2026<\/p>\n<p>A \u2013 Toda a gente sabe que, no\u00a0<em>parto<\/em>\u00a0e no imediato\u00a0<em>p\u00f3s-parto,<\/em>\u00a0o protagonista primeiro \u00e9 sempre a mulher-m\u00e3e, cujo\u00a0<em>\u201ctrabalho\u201d e cuidados<\/em>\u00a0s\u00e3o essenciais para,\u00a0<em>o nascimento<\/em>\u00a0do novo ser, ter \u00eaxito.<\/p>\n<p>B \u2013 N\u00e3o admira \u2013 embora seja \u201cadmir\u00e1vel\u201d! \u2013 que Maria, nesses momentos, estivesse com os seus cinco sentidos,\u00a0<em>exteriores<\/em>\u00a0e\u00a0<em>interiores<\/em>, atenta ao que os pastores<em>\u00a0\u2018contavam\u2019<\/em>\u00a0e os anjos<em>\u00a0\u2018cantavam\u2019.<\/em><\/p>\n<p>A \u2013 \u00c9 f\u00e1cil supor que, para Maria e Jos\u00e9, essa noite estava a decorrer com uma certa rotina e mod\u00e9stia, tal como os meses anteriores da gravidez da M\u00e3e. Nada de espetacular ou de novidade!&#8230; Apenas com a chegada dos\u00a0<em>primeiros pastores<\/em>\u00a0\u00e9 que o cen\u00e1rio come\u00e7a a mudar\u2026<\/p>\n<p>B \u2013 Ent\u00e3o,\u00a0<em>um rio<\/em>\u00a0de alegria e de m\u00fasicas ang\u00e9licas inunda o ambiente, e penetra em todos os cora\u00e7\u00f5es, presentes naquele local privilegiado, \u00e0quelas horas da noite\u2026 e da madrugada\u2026<\/p>\n<p>A \u2013 N\u00e3o \u00e9 dif\u00edcil \u201cimaginar\u201d que \u2013 entre todos \u2013\u00a0<em>Nossa Senhora<\/em>\u00a0vivesse o acontecimento com especial intensidade, ainda que s\u00f3 fosse pelo facto de sentir\u00a0<em>o al\u00edvio<\/em>\u00a0<em>e gozo<\/em>\u00a0pelo feliz \u201cdesfecho\u201d!<\/p>\n<p>B \u2013 Mas, para enriquecer a nossa \u201cimagina\u00e7\u00e3o\u201d, o pr\u00f3prio evangelista Lucas \u2013 ou melhor,\u00a0<em>o segredo<\/em>\u00a0que \u00aba M\u00e3e\u00bb lhe confiou \u2013 vem confirm\u00e1-lo com aquelas admir\u00e1veis palavras finais:\u00a0<em>\u201cE Maria conservava todas estas coisas, meditando-as no seu cora\u00e7\u00e3o\u201d<\/em>. Est\u00e1 dito. E\u00a0<em>a M\u00e3e<\/em>\u00a0\u00e9 o nosso Modelo!<\/p>\n<p>&nbsp;<\/p>\n<p style=\"text-align: right;\">A\/B:\u00a0<strong>Ensina-nos, Maria, a recebermos e aceitarmos os \u201ceventos salv\u00edficos\u201d do Senhor.<\/strong><\/p>\n<p style=\"text-align: right;\"><strong>Tu que \u00e9s M\u00e3e de Deus, e tamb\u00e9m nossa M\u00e3e, envolve-nos na\u00a0<\/strong><em><strong>Luz de Jesus<\/strong><\/em><strong>,<\/strong><\/p>\n<p style=\"text-align: right;\"><strong>para que aprendamos a abrir-nos \u2013 com a Tua humildade e simplicidade \u2013<\/strong><\/p>\n<p style=\"text-align: right;\"><strong>aos\u00a0<\/strong><em><strong>\u201cacontecimentos de Salva\u00e7\u00e3o\u201d<\/strong><\/em><strong>\u00a0que o Pai nos oferece em Jesus e por Jesus\u2026<\/strong><\/p>\n<p style=\"text-align: right;\"><strong>Saibamos n\u00f3s, como Tu e conTigo, M\u00e3e,\u00a0<\/strong><em><strong>\u201cmedit\u00e1-los e ponder\u00e1-los no cora\u00e7\u00e3o\u201d<\/strong><\/em><strong>.<\/strong><\/p>\n<p><strong>\u00a0<\/strong><\/p>\n<p>\/\/\u00a0<em>PARA uma outra REFLEX\u00c3O ALARGADA:<\/em> <a href=\"http:\/\/palavradeamorpalavra.sallep.net\">http:\/\/palavradeamorpalavra.sallep.net<\/a><\/p>\n","protected":false},"excerpt":{"rendered":"<p>\u2013\u00a0A\u00a0PALAVRA, Refletida\u00a0ao ritmo Lit\u00fargico \u2013 ( Ciclo B \u2013 Santa Maria, M\u00c3E de DEUS \u2013 1 de jan. ) \u00a0 \u201cNaquele tempo, os pastores dirigiram-se apressadamente para Bel\u00e9m e encontraram Maria, Jos\u00e9 e o Menino deitado na manjedoura\u2026 e Maria conservava todas estas coisas, meditando-as no seu cora\u00e7\u00e3o\u201d. (Lc 2, 16.19\u00a0\/ 3\u00aa L.). &nbsp; V\u00ea-se [&hellip;]<\/p>\n","protected":false},"author":2,"featured_media":0,"comment_status":"open","ping_status":"open","sticky":false,"template":"","format":"standard","meta":{"footnotes":""},"categories":[6],"tags":[],"class_list":["post-5022","post","type-post","status-publish","format-standard","hentry","category-refletida","has-post-title","has-post-date","has-post-category","has-post-tag","has-post-comment","has-post-author",""],"builder_content":"","_links":{"self":[{"href":"https:\/\/palavradeamorpalavra.sallep.net\/index.php?rest_route=\/wp\/v2\/posts\/5022","targetHints":{"allow":["GET"]}}],"collection":[{"href":"https:\/\/palavradeamorpalavra.sallep.net\/index.php?rest_route=\/wp\/v2\/posts"}],"about":[{"href":"https:\/\/palavradeamorpalavra.sallep.net\/index.php?rest_route=\/wp\/v2\/types\/post"}],"author":[{"embeddable":true,"href":"https:\/\/palavradeamorpalavra.sallep.net\/index.php?rest_route=\/wp\/v2\/users\/2"}],"replies":[{"embeddable":true,"href":"https:\/\/palavradeamorpalavra.sallep.net\/index.php?rest_route=%2Fwp%2Fv2%2Fcomments&post=5022"}],"version-history":[{"count":1,"href":"https:\/\/palavradeamorpalavra.sallep.net\/index.php?rest_route=\/wp\/v2\/posts\/5022\/revisions"}],"predecessor-version":[{"id":5024,"href":"https:\/\/palavradeamorpalavra.sallep.net\/index.php?rest_route=\/wp\/v2\/posts\/5022\/revisions\/5024"}],"wp:attachment":[{"href":"https:\/\/palavradeamorpalavra.sallep.net\/index.php?rest_route=%2Fwp%2Fv2%2Fmedia&parent=5022"}],"wp:term":[{"taxonomy":"category","embeddable":true,"href":"https:\/\/palavradeamorpalavra.sallep.net\/index.php?rest_route=%2Fwp%2Fv2%2Fcategories&post=5022"},{"taxonomy":"post_tag","embeddable":true,"href":"https:\/\/palavradeamorpalavra.sallep.net\/index.php?rest_route=%2Fwp%2Fv2%2Ftags&post=5022"}],"curies":[{"name":"wp","href":"https:\/\/api.w.org\/{rel}","templated":true}]}}