{"id":5034,"date":"2021-01-02T18:07:10","date_gmt":"2021-01-02T18:07:10","guid":{"rendered":"http:\/\/palavradeamorpalavra.sallep.net\/?p=5034"},"modified":"2022-11-17T15:56:27","modified_gmt":"2022-11-17T15:56:27","slug":"herodes-mandou-chamar-secretamente-os-magos-2","status":"publish","type":"post","link":"https:\/\/palavradeamorpalavra.sallep.net\/?p=5034","title":{"rendered":"\u00abHerodes mandou chamar secretamente os Magos\u00bb"},"content":{"rendered":"<p><a href=\"http:\/\/palavradeamorpalavra.sallep.net\/wp-content\/uploads\/2021\/01\/7bb-Herodes-mandou-chamar-secretamente-os-Magos....png\"><img fetchpriority=\"high\" decoding=\"async\" class=\"aligncenter size-full wp-image-5035\" src=\"http:\/\/palavradeamorpalavra.sallep.net\/wp-content\/uploads\/2021\/01\/7bb-Herodes-mandou-chamar-secretamente-os-Magos....png\" alt=\"\" width=\"472\" height=\"368\" srcset=\"https:\/\/palavradeamorpalavra.sallep.net\/wp-content\/uploads\/2021\/01\/7bb-Herodes-mandou-chamar-secretamente-os-Magos....png 472w, https:\/\/palavradeamorpalavra.sallep.net\/wp-content\/uploads\/2021\/01\/7bb-Herodes-mandou-chamar-secretamente-os-Magos...-300x234.png 300w, https:\/\/palavradeamorpalavra.sallep.net\/wp-content\/uploads\/2021\/01\/7bb-Herodes-mandou-chamar-secretamente-os-Magos...-398x310.png 398w\" sizes=\"(max-width: 472px) 100vw, 472px\" \/><\/a><\/p>\n<p><strong>\u2013\u00a0<em>A<\/em>\u00a0<em>PALAVRA, Refletida<\/em>\u00a0ao ritmo Lit\u00fargico \u2013<\/strong><\/p>\n<p><em>( Ciclo B \u2013 EPIFANIA do SENHOR )<\/em><em><strong>\u00a0<\/strong><\/em><\/p>\n<p><em><strong>\u201cEnt\u00e3o\u00a0<u>Herodes mandou chamar secretamente os Magos<\/u>\u00a0e pediu-lhes informa\u00e7\u00f5es precisas sobre o tempo em que lhes tinha aparecido a estrela (\u2026) Depois, avisados em sonhos para n\u00e3o voltarem \u00e0 presen\u00e7a de Herodes, regressaram \u00e0 sua terra por outro caminho\u2026\u201d. (Mt 2,<\/strong><\/em><em><strong>7.12<\/strong><\/em><em><strong> \/\u00a03\u00aa L.).\u00a0<\/strong><\/em><\/p>\n<p>&nbsp;<\/p>\n<p>Para completar o relato que este <em>texto<\/em> prenuncia, falta-nos aqui o <em>vers\u00edculo 16<\/em>, que relata o desfecho das p\u00e9rfidas inten\u00e7\u00f5es de Herodes, ao\u00a0<em>\u201cmandar matar os meninos de Bel\u00e9m e arredores, de idade at\u00e9 aos dois anos\u201d (Mt 2,<\/em><em>16<\/em><em>)<\/em>\u00a0para, assim, acabar com a vida de Jesus. Este \u00e9 o tal \u00abmart\u00edrio dos Inocentes\u00bb! Sabemos que, pela\u00a0<em>Provid\u00eancia divina<\/em>, aquelas vidas \u2013 \u201cceifadas em flor\u201d \u2013 salvaram a vida do pr\u00f3prio Jesus, sem o saber. Por esse motivo, eles s\u00e3o proclamados os primeiros \u00abm\u00e1rtires\u00bb de Jesus!<\/p>\n<p>&nbsp;<\/p>\n<p>A \u2013 Verdadeiramente, textos deste g\u00e9nero revelam at\u00e9 onde pode chegar a mal\u00edcia humana quando se deixa arrastar pelos baixos instintos\u2026 por paix\u00f5es de ambi\u00e7\u00e3o, de fama, de poder, de riqueza, de dom\u00ednio!\u2026<\/p>\n<p>B \u2013 Todos lamentamos esta crueldade ou nos escandalizamos perante factos de tamanha pervers\u00e3o\u2026 E at\u00e9 podemos pensar que, no nosso tempo, esse tipo de aberra\u00e7\u00f5es j\u00e1 n\u00e3o acontece\u2026 Nada mais errado. Basta analisarmos certas realidades da sociedade atual\u2026<\/p>\n<p>A \u2013 Sinceramente, como \u00e9 que, ent\u00e3o, se podem considerar ou classificar acontecimentos do s\u00e9c. XX, como o tristemente famoso \u00abholocausto nazi\u00bb? Ou o terr\u00edvel \u00abexterm\u00ednio estalinista\u00bb (conhecido como \u00abholocausto sovi\u00e9tico\u00bb)? Ou, ent\u00e3o, outros v\u00e1rios \u00abgenoc\u00eddios\u00bb, do mesmo s\u00e9culo; e deste que come\u00e7a; etc.?<\/p>\n<p>B \u2013 Mas venham mais perto, fiquemos no nosso s\u00e9c. XXI e vejamos realidades \u201csinistras\u201d que acontecem atualmente e que nos envolvem. E que, ainda pior, nem damos por isso (!?)\u2026 Lament\u00e1vel !!!<\/p>\n<p>A \u2013 Se n\u00e3o, quem s\u00e3o os\u00a0<em>\u201cHerodes\u201d\u00a0<\/em>do nosso tempo? \u2013 Est\u00e1 bem claro. S\u00e3o todos aqueles que promovem e traficam com o\u00a0<em>aborto<\/em>, esta \u2018praga atual\u2019 de todos os \u201cherodes\u201d sem consci\u00eancia! O que come\u00e7ou como umas\u00a0<em>t\u00edmidas leis<\/em>, para casos excecionais, terminou nos excessos aberrantes que <em>remoem <\/em>as consci\u00eancias!<\/p>\n<p>B \u2013 H\u00e1 que lamentar, neste assunto, a ignor\u00e2ncia de muitas pessoas e\u00a0<em>a falta de informa\u00e7\u00e3o<\/em>\u00a0premeditada (?) por parte da sociedade em geral. Infelizmente, as\u00a0<em>menos \u2018informadas\u2019<\/em>\u00a0s\u00e3o as\u00a0<em>mulheres,<\/em>\u00a0que s\u00e3o <em>\u2018for\u00e7adas\u2019 (!) <\/em>a\u00a0<em>abortar<\/em>, v\u00edtimas dessa \u201cdesinforma\u00e7\u00e3o\u201d (intencionada e programada pelos\u00a0<em>\u201cfautores\u201d traficantes<\/em>).<\/p>\n<p>A \u2013 Por isso, desde agora, haver\u00e1 que\u00a0<em>informar<\/em>\u00a0e\u00a0<em>formar<\/em>.\u00a0<em>Dizer a verdade!:<\/em>\u00a0Que isto n\u00e3o se iniciou agora; que teve a sua origem, j\u00e1 em 1921 (!), com a\u00a0<em>1\u00aa cl\u00ednica abortiva<\/em>, in New York (USA)\u2026<\/p>\n<p>B \u2013 Que a partir da\u00ed, veio todo o resto,\u00a0<em>\u00abPlanned Parenthood\u00bb (PPFA)<\/em>-1942\u2026 E os n\u00fameros s\u00e3o arrepiantes, aterradores: em 2015,\u00a0<em>820 cl\u00ednicas abortivas<\/em>\u00a0em USA e\u00a0<em>85 filiais<\/em>\u00a0em todo o mundo; s\u00f3 o\u00a0<em>PPFA<\/em>\u00a0executa por volta de\u00a0<em>300.000 abortos<\/em>\u00a0por\u00a0<em>ano!<\/em>\u00a0E, pelos pa\u00edses fora, continua \u201co cont\u00e1gio\u201d!&#8230;<\/p>\n<p>A \u2013 Sabemos que as pessoas que\u00a0<em>agem por ignor\u00e2ncia<\/em>\u00a0n\u00e3o s\u00e3o\u00a0<em>culp\u00e1veis<\/em>. Mas, aten\u00e7\u00e3o, a partir de um certo momento, tamb\u00e9m <em>\u201ca ignor\u00e2ncia\u201d<\/em> pode ser\u00a0<em>consciente e culp\u00e1vel!<\/em>\u2026 Deus nos livre!\u00a0\u00a0<em>\u00a0<\/em><\/p>\n<p>&nbsp;<\/p>\n<p><u>A-B<\/u>:\u00a0<strong>Que nunca caiamos n\u00f3s, Senhor e Pai nosso, nestas \u201credes infernais\u201d\u2026<\/strong><\/p>\n<p><strong>E ajuda-nos a combater, com todas as energias, esta praga da\u00a0<\/strong><em><strong>cultura da morte<\/strong><\/em><strong>,<\/strong><\/p>\n<p><strong>tentando\u00a0<\/strong><em><strong>informar<\/strong><\/em><strong>\u00a0e\u00a0<\/strong><em><strong>formar<\/strong><\/em><strong>\u00a0todas as pessoas da sociedade e, em simult\u00e2neo,<\/strong><\/p>\n<p><strong>pondo em evid\u00eancia todos esses \u201cHerodes\u201d e denunciando \u201cseus sujos neg\u00f3cios\u201d\u2026<\/strong><\/p>\n<p><strong>Mas, que auxiliemos sempre, Pai, quer os\u00a0<\/strong><em><strong>filhos<\/strong><\/em><strong>\u00a0quer as\u00a0<\/strong><em><strong>m\u00e3es,<\/strong><\/em><strong>\u00a0quando for preciso!!!<\/strong><\/p>\n<p>&nbsp;<\/p>\n<p><strong>\u00a0\u00a0<\/strong><\/p>\n<p>\/\/\u00a0<em>PARA uma outra REFLEX\u00c3O ALARGADA:<\/em> <a href=\"http:\/\/palavradeamorpalavra.sallep.net\">http:\/\/palavradeamorpalavra.sallep.net<\/a><\/p>\n","protected":false},"excerpt":{"rendered":"<p>\u2013\u00a0A\u00a0PALAVRA, Refletida\u00a0ao ritmo Lit\u00fargico \u2013 ( Ciclo B \u2013 EPIFANIA do SENHOR )\u00a0 \u201cEnt\u00e3o\u00a0Herodes mandou chamar secretamente os Magos\u00a0e pediu-lhes informa\u00e7\u00f5es precisas sobre o tempo em que lhes tinha aparecido a estrela (\u2026) Depois, avisados em sonhos para n\u00e3o voltarem \u00e0 presen\u00e7a de Herodes, regressaram \u00e0 sua terra por outro caminho\u2026\u201d. (Mt 2,7.12 \/\u00a03\u00aa L.).\u00a0 [&hellip;]<\/p>\n","protected":false},"author":2,"featured_media":0,"comment_status":"open","ping_status":"open","sticky":false,"template":"","format":"standard","meta":{"footnotes":""},"categories":[6],"tags":[],"class_list":["post-5034","post","type-post","status-publish","format-standard","hentry","category-refletida","has-post-title","has-post-date","has-post-category","has-post-tag","has-post-comment","has-post-author",""],"builder_content":"","_links":{"self":[{"href":"https:\/\/palavradeamorpalavra.sallep.net\/index.php?rest_route=\/wp\/v2\/posts\/5034","targetHints":{"allow":["GET"]}}],"collection":[{"href":"https:\/\/palavradeamorpalavra.sallep.net\/index.php?rest_route=\/wp\/v2\/posts"}],"about":[{"href":"https:\/\/palavradeamorpalavra.sallep.net\/index.php?rest_route=\/wp\/v2\/types\/post"}],"author":[{"embeddable":true,"href":"https:\/\/palavradeamorpalavra.sallep.net\/index.php?rest_route=\/wp\/v2\/users\/2"}],"replies":[{"embeddable":true,"href":"https:\/\/palavradeamorpalavra.sallep.net\/index.php?rest_route=%2Fwp%2Fv2%2Fcomments&post=5034"}],"version-history":[{"count":3,"href":"https:\/\/palavradeamorpalavra.sallep.net\/index.php?rest_route=\/wp\/v2\/posts\/5034\/revisions"}],"predecessor-version":[{"id":5038,"href":"https:\/\/palavradeamorpalavra.sallep.net\/index.php?rest_route=\/wp\/v2\/posts\/5034\/revisions\/5038"}],"wp:attachment":[{"href":"https:\/\/palavradeamorpalavra.sallep.net\/index.php?rest_route=%2Fwp%2Fv2%2Fmedia&parent=5034"}],"wp:term":[{"taxonomy":"category","embeddable":true,"href":"https:\/\/palavradeamorpalavra.sallep.net\/index.php?rest_route=%2Fwp%2Fv2%2Fcategories&post=5034"},{"taxonomy":"post_tag","embeddable":true,"href":"https:\/\/palavradeamorpalavra.sallep.net\/index.php?rest_route=%2Fwp%2Fv2%2Ftags&post=5034"}],"curies":[{"name":"wp","href":"https:\/\/api.w.org\/{rel}","templated":true}]}}