{"id":5039,"date":"2021-01-02T18:18:23","date_gmt":"2021-01-02T18:18:23","guid":{"rendered":"http:\/\/palavradeamorpalavra.sallep.net\/?p=5039"},"modified":"2022-11-16T19:51:04","modified_gmt":"2022-11-16T19:51:04","slug":"as-nacoes-caminharao-a-tua-luz","status":"publish","type":"post","link":"https:\/\/palavradeamorpalavra.sallep.net\/?p=5039","title":{"rendered":"\u00abAs na\u00e7\u00f5es caminhar\u00e3o \u00e0 tua Luz\u2026\u00bb"},"content":{"rendered":"<p><a href=\"http:\/\/palavradeamorpalavra.sallep.net\/wp-content\/uploads\/2021\/01\/7bbb-As-nacoes-caminharao-a-tua-Luz\u2026.png\"><img fetchpriority=\"high\" decoding=\"async\" class=\"aligncenter size-full wp-image-5040\" src=\"http:\/\/palavradeamorpalavra.sallep.net\/wp-content\/uploads\/2021\/01\/7bbb-As-nacoes-caminharao-a-tua-Luz\u2026.png\" alt=\"\" width=\"3546\" height=\"5513\" srcset=\"https:\/\/palavradeamorpalavra.sallep.net\/wp-content\/uploads\/2021\/01\/7bbb-As-nacoes-caminharao-a-tua-Luz\u2026.png 3546w, https:\/\/palavradeamorpalavra.sallep.net\/wp-content\/uploads\/2021\/01\/7bbb-As-nacoes-caminharao-a-tua-Luz\u2026-193x300.png 193w, https:\/\/palavradeamorpalavra.sallep.net\/wp-content\/uploads\/2021\/01\/7bbb-As-nacoes-caminharao-a-tua-Luz\u2026-659x1024.png 659w, https:\/\/palavradeamorpalavra.sallep.net\/wp-content\/uploads\/2021\/01\/7bbb-As-nacoes-caminharao-a-tua-Luz\u2026-768x1194.png 768w, https:\/\/palavradeamorpalavra.sallep.net\/wp-content\/uploads\/2021\/01\/7bbb-As-nacoes-caminharao-a-tua-Luz\u2026-988x1536.png 988w, https:\/\/palavradeamorpalavra.sallep.net\/wp-content\/uploads\/2021\/01\/7bbb-As-nacoes-caminharao-a-tua-Luz\u2026-1317x2048.png 1317w, https:\/\/palavradeamorpalavra.sallep.net\/wp-content\/uploads\/2021\/01\/7bbb-As-nacoes-caminharao-a-tua-Luz\u2026-659x1024-398x618.png 398w\" sizes=\"(max-width: 3546px) 100vw, 3546px\" \/><\/a><\/p>\n<p><strong>\uf0c6<\/strong> <strong><em>\u201cLevanta-te e resplandece, Jerusal\u00e9m, porque chegou a tua luz e brilha sobre ti a gl\u00f3ria do Senhor. V\u00ea como a noite cobre a terra, e a escurid\u00e3o os povos. Mas sobre ti levanta-Se o Senhor, e a sua gl\u00f3ria te ilumina.<\/em><\/strong> <strong><em><u>As na\u00e7\u00f5es caminhar\u00e3o \u00e0 tua luz\u2026<\/u><\/em><\/strong><strong><em>\u201d<\/em><\/strong><strong><em>.<\/em><\/strong> [Is 60,1-3 (1\u00aaL)].<\/p>\n<p><strong>\uf0c6<\/strong> <strong><em>\u201cChegaram a Jerusal\u00e9m uns magos vindos do Oriente. \u00abOnde est\u00e1 \u2013 perguntaram eles \u2013 o rei dos judeus que acaba de nascer? <u>N\u00f3s vimos a sua estrela<\/u> no Oriente e viemos ador\u00e1-l\u2019O\u00bb\u201d. <\/em><\/strong>[Mt 2,1-2 (3\u00aaL)].<\/p>\n<p>&#8212;&#8212;&#8212;&#8212;&#8212;&#8212;<\/p>\n<p>Entre as incont\u00e1veis estrelas do \u2018firmamento humano\u2019, h\u00e1, sem d\u00favida, uma \u201cde primeira magnitude\u201d, uma estrela situada mesmo no centro da gal\u00e1xia do \u201cnosso universo\u201d. Sim, \u00e9 a <em>Estrela da Fraternidade<\/em>, embora ainda o ignor\u00e1ssemos, tal como lhes aconteceu \u00e0queles nossos antepassados, astr\u00f3logos, que tamb\u00e9m ignoravam o seu significado\u2026 Por\u00e9m, eles, guiados pelo seu \u201cinstinto m\u00e1gico\u201d (de magos, claro) \u2013 estrangeiros (<em>reis<\/em>, ou n\u00e3o) \u2013 <em>seguiram aquela Estrela<\/em> porque intu\u00edram que devia ter <em>\u2018algum sentido\u2019<\/em> transcendente\u2026 Mas, qual \u201csentido\u201d? E quem pode ajudar-nos a encontr\u00e1-lo? Talvez aquele <em>\u201crei rec\u00e9m nascido que eles procuravam\u201d?<\/em>\u00a0 Na verdade, s\u00f3 pode ser \u201cesse rei\u201d quem nos pode dar (a eles e a n\u00f3s) <em>a chave<\/em> desta ignorada <em>fraternidade universal<\/em>. Embora fique escondida \u201cnessa Estrela\u201d e escondida igualmente na <em>\u201cdebilidade, fr\u00e1gil e pobrezinha, desse beb\u00e9 num pres\u00e9pio\u201d<\/em> \u2013 ainda inconsciente, ou talvez n\u00e3o! \u2013 que vinha a este mundo, a este Universo, ao centro mesmo deste \u2018Firmamento humano\u2019 (ao \u00abn\u00facleo da gal\u00e1xia\u00bb, diriam os magos <em>astr\u00f3logos<\/em>) exatamente para <em>\u201catrair, juntar e unir tudo o que estava desunido e disperso\u201d <\/em><em>(Jo 11,<\/em><em>52<\/em><em>; Ef 2,<\/em><em>14-16<\/em><em>)<\/em>. A\u00ed est\u00e1 o enigma, a verdade e o mist\u00e9rio da Fraternidade. E esta conduta dos Magos, no<em> Evangelho<\/em>, seguindo fielmente \u201ca sua estrela\u201d est\u00e1 a dizer-nos que n\u00e3o h\u00e1 seres humanos isolados, perdidos, \u2018descartados\u2019; tal como n\u00e3o pode haver estrelas isoladas, perdidas, exorbitadas\u2026; pois todas as que perten\u00e7am \u00e0 mesma <em>gal\u00e1xia<\/em> ser\u00e3o atra\u00eddas pela mesma <em>for\u00e7a gravitacional<\/em> situada no chamado \u00abbulbo gal\u00e1ctico central\u00bb (diriam, agora, os <em>astr\u00f3nomos<\/em>)\u2026 Ent\u00e3o, a nossa fraternidade entre todos os humanos, por sermos \u201cIrm\u00e3os todos\u201d (\u00abFratelli tutti\u00bb-<em>Papa Francisco<\/em>), estar\u00e1 <em>centrada<\/em> pela <em>for\u00e7a Divina \u2018gravitacional\u2019<\/em> deste fr\u00e1gil \u201cbeb\u00e9-rei\u201d de Bel\u00e9m!<\/p>\n<p><strong>\u00ab<\/strong><strong>\u00a0 <\/strong>E, porventura, n\u00e3o ser\u00e1s Tu, <strong>Maria, Nossa Senhora das Neves<\/strong>, a melhor Orientadora e Guia, na nossa \u201cvia l\u00e1ctea\u201d da fraternidade universal? N\u00f3s sabemos que \u00e9s a \u201c<u>Estrela do mar<\/u>\u201d (\u00abStela maris\u00bb) e a \u201c<u>Estrela da manh\u00e3<\/u>\u201d (\u00abStela matutina\u00bb)<em>&#8230;<\/em> Quem melhor do que Tu, M\u00e3e, para nos acompanhar sempre neste caminho do \u201cAmor Fraterno Universal\u201d!? Se Tu foste capaz de <em>\u2018p\u00f4r neve no calor do ver\u00e3o\u2019 <\/em><em>(*)<\/em><em>, <\/em>como \u00e9 que n\u00e3o vais conseguir p\u00f4r o <em>calor<\/em> do amor fraterno no <em>gelo<\/em> dos nossos cora\u00e7\u00f5es?&#8230; Ser\u00e1 a \u201ctua\u201d melhor transforma\u00e7\u00e3o (\u2018metamorfose\u2019)!<\/p>\n<p><u>\u00a0<\/u><\/p>\n<p><u>NOTAS<\/u> COMPLEMENTARES:<\/p>\n<p>1-] \u00a0a)- <u>Cajueiro<\/u> (ou \u2018\u00e1rvore-do-cora\u00e7\u00e3o\u2019) (<em>Anacardium occidentale<\/em>). \u00c1rvore nativa do Brasil, o cajueiro foi levado pelos portugueses do Brasil para a \u00c1frica e a \u00c1sia\u2026 Atualmente, o seu cultivo e a extensa comercializa\u00e7\u00e3o alimentar do seu fruto (o <em>caju<\/em> ou <em>acaju<\/em>) est\u00e3o espalhados por mais de 30 pa\u00edses, principalmente nas zonas do mundo de clima <em>intertropical<\/em>\u2026<\/p>\n<p>b)- <em>(*)<\/em> \u00a0Nossa <u>Senhora das Neves<\/u>. T\u00edtulo mariano que teve a origem numa apari\u00e7\u00e3o (em sonhos e em simult\u00e2neo, no ano 363) a um <em>matrim\u00f3nio<\/em> nobre romano e ao <em>Papa Lib\u00e9rio<\/em>. O lugar para a edifica\u00e7\u00e3o da bas\u00edlica (primeira das dedicadas a Maria) foi assinalado por <em>um milagre<\/em> da Virgem, que, naquela noite (de 4 para 5 de agosto, <em>pleno ver\u00e3o<\/em> em It\u00e1lia), fez com que aparecesse <em>\u201ccoberta de neve\u201d<\/em> a colina do monte Esquilino, em Roma. Da\u00ed o nome de \u201cSenhora das Neves\u201d (embora a bas\u00edlica \u00e9 conhecida em toda a cristandade como \u2018Bas\u00edlica de <em>Santa Maria a Maior\u2019<\/em>). A festa, no calend\u00e1rio lit\u00fargico, est\u00e1 marcada precisamente no dia 5 de agosto.<\/p>\n<p>2-] \u00a0A sequ\u00eancia dos principais <em>\u2018Lugares\u2019<\/em> (Santu\u00e1rios-Apari\u00e7\u00f5es-T\u00edtulos-Invoca\u00e7\u00f5es\u2026) de <strong>\u2018NOSSA SENHORA\u2019 e M\u00c3E, Maria,<\/strong> <em>\u2018visitados\u2019 nas nossas Reflex\u00f5es,<\/em> <u>at\u00e9 ao presente<\/u>, s\u00e3o:<\/p>\n<p>&#8212;\u00a0 1. F\u00c1TIMA (Portugal). \/\/ 2. GUADALUPE (M\u00e9xico). \/\/ 3. LURDES (Fran\u00e7a). \/\/ 4. APARECIDA (Brasil). \/\/ 5. KIBEHO (Ruanda\/\u00c1frica). \/\/ 6. AKITA e NAJU (\u00c1sia). \/\/ 7. AUXILIADORA (Papua-Nova Guin\u00e9\/Oce\u00e2nia). \/\/ 8. DO CARMO (Israel e Inglaterra). \/\/ 9. DAS NEVES (It\u00e1lia).<\/p>\n<p>&nbsp;<\/p>\n<p>\/\/\u00a0<em>PARA outras REFLEX\u00d5ES AFINS:<\/em> <a href=\"http:\/\/palavradeamorpalavra.sallep.net\">http:\/\/palavradeamorpalavra.sallep.net<\/a><\/p>\n","protected":false},"excerpt":{"rendered":"<p>\uf0c6 \u201cLevanta-te e resplandece, Jerusal\u00e9m, porque chegou a tua luz e brilha sobre ti a gl\u00f3ria do Senhor. V\u00ea como a noite cobre a terra, e a escurid\u00e3o os povos. Mas sobre ti levanta-Se o Senhor, e a sua gl\u00f3ria te ilumina. As na\u00e7\u00f5es caminhar\u00e3o \u00e0 tua luz\u2026\u201d. [Is 60,1-3 (1\u00aaL)]. \uf0c6 \u201cChegaram a Jerusal\u00e9m [&hellip;]<\/p>\n","protected":false},"author":2,"featured_media":0,"comment_status":"open","ping_status":"open","sticky":false,"template":"","format":"standard","meta":{"footnotes":""},"categories":[6],"tags":[],"class_list":["post-5039","post","type-post","status-publish","format-standard","hentry","category-refletida","has-post-title","has-post-date","has-post-category","has-post-tag","has-post-comment","has-post-author",""],"builder_content":"","_links":{"self":[{"href":"https:\/\/palavradeamorpalavra.sallep.net\/index.php?rest_route=\/wp\/v2\/posts\/5039","targetHints":{"allow":["GET"]}}],"collection":[{"href":"https:\/\/palavradeamorpalavra.sallep.net\/index.php?rest_route=\/wp\/v2\/posts"}],"about":[{"href":"https:\/\/palavradeamorpalavra.sallep.net\/index.php?rest_route=\/wp\/v2\/types\/post"}],"author":[{"embeddable":true,"href":"https:\/\/palavradeamorpalavra.sallep.net\/index.php?rest_route=\/wp\/v2\/users\/2"}],"replies":[{"embeddable":true,"href":"https:\/\/palavradeamorpalavra.sallep.net\/index.php?rest_route=%2Fwp%2Fv2%2Fcomments&post=5039"}],"version-history":[{"count":2,"href":"https:\/\/palavradeamorpalavra.sallep.net\/index.php?rest_route=\/wp\/v2\/posts\/5039\/revisions"}],"predecessor-version":[{"id":5042,"href":"https:\/\/palavradeamorpalavra.sallep.net\/index.php?rest_route=\/wp\/v2\/posts\/5039\/revisions\/5042"}],"wp:attachment":[{"href":"https:\/\/palavradeamorpalavra.sallep.net\/index.php?rest_route=%2Fwp%2Fv2%2Fmedia&parent=5039"}],"wp:term":[{"taxonomy":"category","embeddable":true,"href":"https:\/\/palavradeamorpalavra.sallep.net\/index.php?rest_route=%2Fwp%2Fv2%2Fcategories&post=5039"},{"taxonomy":"post_tag","embeddable":true,"href":"https:\/\/palavradeamorpalavra.sallep.net\/index.php?rest_route=%2Fwp%2Fv2%2Ftags&post=5039"}],"curies":[{"name":"wp","href":"https:\/\/api.w.org\/{rel}","templated":true}]}}