{"id":5047,"date":"2021-01-08T22:34:54","date_gmt":"2021-01-08T22:34:54","guid":{"rendered":"http:\/\/palavradeamorpalavra.sallep.net\/?p=5047"},"modified":"2022-11-17T14:02:18","modified_gmt":"2022-11-17T14:02:18","slug":"deus-ungiu-com-a-forca-do-espirito-santo-a-jesus-de-nazare","status":"publish","type":"post","link":"https:\/\/palavradeamorpalavra.sallep.net\/?p=5047","title":{"rendered":"\u00abDeus ungiu com a for\u00e7a do Esp\u00edrito Santo a Jesus de Nazar\u00e9&#8230;\u00bb"},"content":{"rendered":"<p><a href=\"http:\/\/palavradeamorpalavra.sallep.net\/wp-content\/uploads\/2021\/01\/8bbb-Deus-ungiu-com-a-forca-do-Espirito-Santo-a-Jesus-de-Nazare....png\"><img fetchpriority=\"high\" decoding=\"async\" class=\"aligncenter size-full wp-image-5048\" src=\"http:\/\/palavradeamorpalavra.sallep.net\/wp-content\/uploads\/2021\/01\/8bbb-Deus-ungiu-com-a-forca-do-Espirito-Santo-a-Jesus-de-Nazare....png\" alt=\"\" width=\"3779\" height=\"5632\" srcset=\"https:\/\/palavradeamorpalavra.sallep.net\/wp-content\/uploads\/2021\/01\/8bbb-Deus-ungiu-com-a-forca-do-Espirito-Santo-a-Jesus-de-Nazare....png 3779w, https:\/\/palavradeamorpalavra.sallep.net\/wp-content\/uploads\/2021\/01\/8bbb-Deus-ungiu-com-a-forca-do-Espirito-Santo-a-Jesus-de-Nazare...-201x300.png 201w, https:\/\/palavradeamorpalavra.sallep.net\/wp-content\/uploads\/2021\/01\/8bbb-Deus-ungiu-com-a-forca-do-Espirito-Santo-a-Jesus-de-Nazare...-687x1024.png 687w, https:\/\/palavradeamorpalavra.sallep.net\/wp-content\/uploads\/2021\/01\/8bbb-Deus-ungiu-com-a-forca-do-Espirito-Santo-a-Jesus-de-Nazare...-768x1145.png 768w, https:\/\/palavradeamorpalavra.sallep.net\/wp-content\/uploads\/2021\/01\/8bbb-Deus-ungiu-com-a-forca-do-Espirito-Santo-a-Jesus-de-Nazare...-1031x1536.png 1031w, https:\/\/palavradeamorpalavra.sallep.net\/wp-content\/uploads\/2021\/01\/8bbb-Deus-ungiu-com-a-forca-do-Espirito-Santo-a-Jesus-de-Nazare...-1374x2048.png 1374w, https:\/\/palavradeamorpalavra.sallep.net\/wp-content\/uploads\/2021\/01\/8bbb-Deus-ungiu-com-a-forca-do-Espirito-Santo-a-Jesus-de-Nazare...-687x1024-398x593.png 398w\" sizes=\"(max-width: 3779px) 100vw, 3779px\" \/><\/a><\/p>\n<p><strong>\uf0c6<\/strong> <strong><em>\u201cDiz o Senhor: \u00abEis o meu servo, a quem Eu protejo, o meu eleito, enlevo da minha alma. Sobre ele fiz repousar o meu esp\u00edrito, para que leve a justi\u00e7a \u00e0s na\u00e7\u00f5es\u2026\u201d.<\/em><\/strong> [Is 42,1-2 (1\u00aaL)].\u00a0 <strong>\uf0c6 <\/strong><strong><em>\u201c<u>Deus ungiu com a for\u00e7a do Esp\u00edrito Santo a Jesus de Nazar\u00e9<\/u><\/em><\/strong><strong><em>, que passou fazendo o bem\u2026\u201d.<\/em><\/strong> [At 10,38 (2\u00aaL)].\u00a0 <strong>\uf0c6<\/strong> <strong><em>\u201cJo\u00e3o Batista come\u00e7ou a pregar, dizendo: \u00ab<\/em><\/strong><strong><em>Eu batizo na \u00e1gua, mas Ele batizar-vos-\u00e1 no Esp\u00edrito Santo<\/em><\/strong><strong><em>\u00bb\u2026 E o mesmo Jo\u00e3o, ap\u00f3s ter batizado a Jesus, viu o Esp\u00edrito, como uma pomba, descer sobre Ele&#8230;\u201d. <\/em><\/strong>[Mc 1,8.10 (3\u00aaL)].<\/p>\n<p>&#8212;&#8212;&#8212;&#8212;&#8212;&#8212;<\/p>\n<p>Com alguma frequ\u00eancia, o Esp\u00edrito Santo \u2013 a terceira Pessoa da Trindade \u2013 \u00e9 designado como \u201co Divino desconhecido\u201d\u2026 \u00c9 verdade que, das tr\u00eas Pessoas Divinas, \u00e9 a mais dif\u00edcil de <em>\u2018configurar\u2019<\/em> na nossa <em>imagina\u00e7\u00e3o humana<\/em>. At\u00e9 porque Ele pr\u00f3prio quis utilizar, para Se fazer presente aos seres humanos, a \u2018figura de uma pomba\u2019 branca. Sim, porque para o Filho, pela Sua Encarna\u00e7\u00e3o, ficou bem patente a sua \u2018figura humana\u2019, de homem; quanto ao Pai, n\u00e3o custa nada v\u00ea-l\u2019O representado na figura de um pai humano j\u00e1 idoso\u2026 Fica ent\u00e3o o Esp\u00edrito Santo \u201cem aberto\u201d (!) como para indicar-nos que temos a nossa intelig\u00eancia e criatividade humanas para tentarmos \u2013 sempre mais! \u2013 uma nova aproxima\u00e7\u00e3o da Sua maravilhosa Pessoa divina, infinitas vezes \u2018trans-figurada\u2019\u2026 Bom, mas vejamos agora algo \u201cde novo\u201d, na <em>Palavra<\/em> de hoje, acerca deste Divino Esp\u00edrito \u201ct\u00e3o multiforme\u201d(?)&#8230;<\/p>\n<p>Pois, para mais \u2018nos confundir\u2019 \u2013 no melhor sentido da express\u00e3o \u2013 quando nas <em>Escrituras<\/em> aparece o Seu nome, pode vir escrito de duas formas, como <em><u>E<\/u>sp\u00edrito<\/em> ou como <em><u>e<\/u>sp\u00edrito <\/em>(<em>\u201cSobre ele fiz repousar o meu esp\u00edrito\u2026\u201d-<\/em><em>Is 42<\/em>). Porqu\u00ea? Adivinhem!&#8230; Na <em>Palavra<\/em> da 2\u00aa L.(<em>Atos 10<\/em>), Pedro proclama: <em>\u201cDeus ungiu com a for\u00e7a do Esp\u00edrito Santo a Jesus de Nazar\u00e9\u2026\u201d<\/em>. Aqui, j\u00e1 vemos <em><u>E<\/u>sp\u00edrito<\/em> e vemos que \u00e9 <em>Santo<\/em>. O seu efeito (a <em>\u201csua for\u00e7a\u201d<\/em>) na Pessoa do Filho, Jesus, \u00e9 fazer com que Ele <em>\u201cpasse fazendo o bem a todos\u201d\u2026<\/em> E, no Evangelho (<em>Mc 1<\/em>), contemplamos a cena do pr\u00f3prio batismo de Jesus por Jo\u00e3o Batista, com <em>a palavra<\/em> deste a dizer que <em>\u201cviu o Esp\u00edrito, como uma pomba, descer sobre Ele\u201d.<\/em> E escutamos sobretudo a afirma\u00e7\u00e3o de Jo\u00e3o quando declara: <em>\u201cEu batizo na \u00e1gua, mas Ele batizar-vos-\u00e1 no Esp\u00edrito Santo\u201d<\/em>\u2026 Toda esta a\u00e7\u00e3o multiforme do Esp\u00edrito n\u00e3o deixa de ser maravilhosa embora n\u00e3o atue Ele diretamente \u2013 \u00e9 assim o seu estilo! \u2013 mas sempre atrav\u00e9s de<em> \u2018outrem\u2019<\/em>: nestes casos, atrav\u00e9s de Jesus. O Esp\u00edrito Santo \u2018quer\u2019 <em>passar despercebido!<\/em><\/p>\n<p><strong>\u00ab<\/strong><strong>\u00a0 <\/strong>E Tu, <strong>Maria, \u201cNossa Senhora de todas as Na\u00e7\u00f5es\u201d<\/strong>, desta vez numa <em>apari\u00e7\u00e3o<\/em> que devia \u2018passar despercebida\u2019<em>(*)<\/em>, como a a\u00e7\u00e3o do Esp\u00edrito Santo (a Quem Tu conheces t\u00e3o bem e amas tanto!). Tu, nessas apari\u00e7\u00f5es, <em>vieste manifestar<\/em> o que, nestes tempos, \u00e9 e ser\u00e1 mais importante, devido aos problemas e males que afligem a nossa Humanidade. Assim, estimulas-nos a intensificar a nossa devo\u00e7\u00e3o e docilidade <em>ao Esp\u00edrito Santo \u2013 <\/em>Quem dever\u00e1 ser agora \u201cmais protagonista\u201d \u2013 e, ao mesmo tempo, nos animas a recuperar e fortalecer a nossa f\u00e9 na <em>real Presen\u00e7a de<\/em> <em>Jesus no Sacramento Eucar\u00edstico,<\/em> sob as apar\u00eancias do p\u00e3o e do vinho! \u00a0<strong>M\u00e3e<\/strong>, se formos d\u00f3ceis ao Esp\u00edrito, seremos, n\u00f3s tamb\u00e9m \u2018transfigurados\u2019!<\/p>\n<p><u>NOTAS<\/u> COMPLEMENTARES:<\/p>\n<p>1-] \u00a0a)- <u>Caramboleira<\/u> (<em>Averrhoa carambola<\/em>). \u00c1rvore origin\u00e1ria da Mal\u00e1sia, Indon\u00e9sia, \u00cdndia. Apreciada: pelo seu fruto (\u2018carambola\u2019) e como planta ornamental\u2026<\/p>\n<p>b)- <em>(*) <\/em>Nossa <u>Senhora de todas as Na\u00e7\u00f5es<\/u> (ou \u201cde <u>todos os Povos<\/u>\u201d). Trata-se de uma Apari\u00e7\u00e3o <em>especial<\/em> (a uma mulher, <em>Ida Peerdeman<\/em>, no fim da 2\u00aa grande guerra, 1945, e durante mais de 20 anos); e que, por algum tempo, <em>passou despercebida<\/em> (realizada no interior de uma vivenda, numa grande cidade, <em>Amsterd\u00e3o<\/em>-Holanda). Duas das mensagens principais seriam: = Este vai ser o \u00abtempo do Esp\u00edrito Santo\u00bb embora a sua a\u00e7\u00e3o, como \u00e9 h\u00e1bito, possa \u2018passar despercebida\u2019\u2026 = F\u00e9 viva e firme na Presen\u00e7a real de Jesus no \u00abSacramento da Eucaristia\u00bb (sob as esp\u00e9cies de p\u00e3o e de vinho)\u2026<\/p>\n<p>2-] \u00a0A sequ\u00eancia dos principais <em>\u2018Lugares\u2019<\/em> (Santu\u00e1rios-Apari\u00e7\u00f5es-T\u00edtulos-Invoca\u00e7\u00f5es\u2026) de <strong>\u2018NOSSA SENHORA\u2019 e M\u00c3E, Maria,<\/strong> <em>\u2018visitados\u2019 nas nossas Reflex\u00f5es,<\/em> <u>at\u00e9 ao presente<\/u>, s\u00e3o:<\/p>\n<p>&#8212;\u00a0 1. F\u00c1TIMA (Portugal). \/\/ 2. GUADALUPE (M\u00e9xico). \/\/ 3. LURDES (Fran\u00e7a). \/\/ 4. APARECIDA (Brasil). \/\/ 5. KIBEHO (Ruanda\/\u00c1frica). \/\/ 6. AKITA e NAJU (\u00c1sia). \/\/ 7. AUXILIADORA (Papua-Nova Guin\u00e9\/Oce\u00e2nia). \/\/ 8. DO CARMO (Israel e Inglaterra). \/\/ 9. DAS NEVES (It\u00e1lia). \/\/ 10. DAS NA\u00c7\u00d5ES (Holanda).<\/p>\n<p>&nbsp;<\/p>\n<p>\/\/\u00a0<em>PARA outras REFLEX\u00d5ES AFINS:<\/em> <a href=\"http:\/\/palavradeamorpalavra.sallep.net\">http:\/\/palavradeamorpalavra.sallep.net<\/a><\/p>\n","protected":false},"excerpt":{"rendered":"<p>\uf0c6 \u201cDiz o Senhor: \u00abEis o meu servo, a quem Eu protejo, o meu eleito, enlevo da minha alma. Sobre ele fiz repousar o meu esp\u00edrito, para que leve a justi\u00e7a \u00e0s na\u00e7\u00f5es\u2026\u201d. [Is 42,1-2 (1\u00aaL)].\u00a0 \uf0c6 \u201cDeus ungiu com a for\u00e7a do Esp\u00edrito Santo a Jesus de Nazar\u00e9, que passou fazendo o bem\u2026\u201d. [At [&hellip;]<\/p>\n","protected":false},"author":2,"featured_media":0,"comment_status":"open","ping_status":"open","sticky":false,"template":"","format":"standard","meta":{"footnotes":""},"categories":[6],"tags":[],"class_list":["post-5047","post","type-post","status-publish","format-standard","hentry","category-refletida","has-post-title","has-post-date","has-post-category","has-post-tag","has-post-comment","has-post-author",""],"builder_content":"","_links":{"self":[{"href":"https:\/\/palavradeamorpalavra.sallep.net\/index.php?rest_route=\/wp\/v2\/posts\/5047","targetHints":{"allow":["GET"]}}],"collection":[{"href":"https:\/\/palavradeamorpalavra.sallep.net\/index.php?rest_route=\/wp\/v2\/posts"}],"about":[{"href":"https:\/\/palavradeamorpalavra.sallep.net\/index.php?rest_route=\/wp\/v2\/types\/post"}],"author":[{"embeddable":true,"href":"https:\/\/palavradeamorpalavra.sallep.net\/index.php?rest_route=\/wp\/v2\/users\/2"}],"replies":[{"embeddable":true,"href":"https:\/\/palavradeamorpalavra.sallep.net\/index.php?rest_route=%2Fwp%2Fv2%2Fcomments&post=5047"}],"version-history":[{"count":3,"href":"https:\/\/palavradeamorpalavra.sallep.net\/index.php?rest_route=\/wp\/v2\/posts\/5047\/revisions"}],"predecessor-version":[{"id":5051,"href":"https:\/\/palavradeamorpalavra.sallep.net\/index.php?rest_route=\/wp\/v2\/posts\/5047\/revisions\/5051"}],"wp:attachment":[{"href":"https:\/\/palavradeamorpalavra.sallep.net\/index.php?rest_route=%2Fwp%2Fv2%2Fmedia&parent=5047"}],"wp:term":[{"taxonomy":"category","embeddable":true,"href":"https:\/\/palavradeamorpalavra.sallep.net\/index.php?rest_route=%2Fwp%2Fv2%2Fcategories&post=5047"},{"taxonomy":"post_tag","embeddable":true,"href":"https:\/\/palavradeamorpalavra.sallep.net\/index.php?rest_route=%2Fwp%2Fv2%2Ftags&post=5047"}],"curies":[{"name":"wp","href":"https:\/\/api.w.org\/{rel}","templated":true}]}}