{"id":5052,"date":"2021-01-15T21:06:42","date_gmt":"2021-01-15T21:06:42","guid":{"rendered":"http:\/\/palavradeamorpalavra.sallep.net\/?p=5052"},"modified":"2022-11-16T20:58:22","modified_gmt":"2022-11-16T20:58:22","slug":"eis-o-cordeiro-de-deus-2","status":"publish","type":"post","link":"https:\/\/palavradeamorpalavra.sallep.net\/?p=5052","title":{"rendered":"\u00abEis o Cordeiro de Deus!\u00bb"},"content":{"rendered":"<p><a href=\"http:\/\/palavradeamorpalavra.sallep.net\/wp-content\/uploads\/2021\/01\/25bb-Eis-o-Cordeiro-de-Deus.png\"><img fetchpriority=\"high\" decoding=\"async\" class=\"aligncenter size-full wp-image-5054\" src=\"http:\/\/palavradeamorpalavra.sallep.net\/wp-content\/uploads\/2021\/01\/25bb-Eis-o-Cordeiro-de-Deus.png\" alt=\"\" width=\"640\" height=\"775\" srcset=\"https:\/\/palavradeamorpalavra.sallep.net\/wp-content\/uploads\/2021\/01\/25bb-Eis-o-Cordeiro-de-Deus.png 640w, https:\/\/palavradeamorpalavra.sallep.net\/wp-content\/uploads\/2021\/01\/25bb-Eis-o-Cordeiro-de-Deus-248x300.png 248w, https:\/\/palavradeamorpalavra.sallep.net\/wp-content\/uploads\/2021\/01\/25bb-Eis-o-Cordeiro-de-Deus-398x481.png 398w\" sizes=\"(max-width: 640px) 100vw, 640px\" \/><\/a><\/p>\n<p><strong>\u2013\u00a0<em>A<\/em>\u00a0<em>PALAVRA, Refletida<\/em>\u00a0ao ritmo Lit\u00fargico \u2013<\/strong><\/p>\n<p><em>( Ciclo B \u2013 <\/em><em>Domingo 2 do T. Comum<\/em><em>)<\/em><em><strong>\u00a0<\/strong><\/em><\/p>\n<p><em><strong>\u201cEstava Jo\u00e3o Batista com dois dos seus disc\u00edpulos e, vendo Jesus que passava, disse: \u00ab<u>Eis o Cordeiro de Deus<\/u>!\u00bb. Os dois disc\u00edpulos ouviram-no dizer aquelas palavras e seguiram Jesus. Andr\u00e9, irm\u00e3o de Sim\u00e3o Pedro, foi um dos que ouviram Jo\u00e3o e seguiram Jesus. (\u2026) Disse-lhes Jesus: \u00abVinde ver!\u00bb. Eles foram ver onde morava e ficaram com Ele nesse dia. Era por volta das quatro horas da tarde\u201d. (Jo 1,36-37.39 \/\u00a03\u00aa L.).<\/strong><\/em><\/p>\n<p>&nbsp;<\/p>\n<p>O epis\u00f3dio acontece depois de Jesus ter passado aqueles\u00a0<em>\u2018quarenta dias\u2019<\/em>\u00a0no deserto, em jejum e penit\u00eancia, e, portanto, algumas semanas ap\u00f3s Ele ter sido batizado por Jo\u00e3o Batista no rio Jord\u00e3o. E estes dois acontecimentos \u2013\u00a0<em>\u2018batismo\u2019<\/em>\u00a0e\u00a0<em>\u2018deserto\u2019<\/em>\u00a0\u2013 constituem a prepara\u00e7\u00e3o imediata de Jesus de Nazar\u00e9 para o seu minist\u00e9rio como Messias Salvador\u2026 Come\u00e7a, ent\u00e3o, por\u00a0<em>\u201cchamar\u201d<\/em>\u00a0os\u00a0<em>disc\u00edpulos<\/em>\u00a0para o Seu seguimento e companhia\u2026<\/p>\n<p>&nbsp;<\/p>\n<p>A \u2013 A voca\u00e7\u00e3o e miss\u00e3o de Jo\u00e3o,\u00a0<em>o Batista<\/em>, tem sido admir\u00e1vel. Primeiro, como \u00abprecursor\u00bb, que\u00a0<em>preparou<\/em>\u00a0o \u00abcaminho de Jesus\u00bb. Mas, tamb\u00e9m e porque tinha conclu\u00eddo a sua \u201cmiss\u00e3o\u201d, quando\u00a0<em>\u2018transferiu\u2019<\/em>,\u00a0<em>entregou,<\/em>\u00a0os seus pr\u00f3prios disc\u00edpulos a Jesus (<em>\u201cporque Ele era antes de mim\u201d<\/em>)\u2026<\/p>\n<p>B \u2013 Verdadeiramente, \u00e9 preciso reconhecer que \u2018este Jo\u00e3o\u2019 tem sido \u2018impec\u00e1vel\u2019\u2026 E, para rubricar a sua vida e miss\u00e3o exemplares, acabar\u00e1 (degolado) dando a vida pela Verdade, ou seja, por Jesus!<\/p>\n<p>A \u2013 A destacar igualmente, neste texto, o \u2018segundo disc\u00edpulo\u2019, que permanece an\u00f3nimo, pois ele escreve apenas:\u00a0<em>\u201cum dos que ouviram Jo\u00e3o (Batista) e seguiram Jesus era Andr\u00e9, irm\u00e3o de Sim\u00e3o\u201d<\/em>. E o outro?\u2026<\/p>\n<p>B \u2013 \u00c9 f\u00e1cil deduzir, se pensarmos atentamente, que \u201co outro\u201d s\u00f3 pode ser quem escreve, isto \u00e9, Jo\u00e3o, o Evangelista. \u00c9 tamb\u00e9m admir\u00e1vel\u00a0<em>a humildade<\/em>\u00a0deste Jo\u00e3o, como a do Batista. Ali\u00e1s, este\u00a0<em>\u201cdisc\u00edpulo amado\u201d<\/em>, sempre que aparece num relato, substitui\u00a0<em>o nome<\/em>\u00a0por \u00abo outro disc\u00edpulo\u00bb ou \u00abaquele que Jesus amava\u00bb\u2026<\/p>\n<p>A \u2013 E, talvez para confirmar esta mesma\u00a0<em>\u2018autoria\u2019<\/em>, encontramos outro pormenor significativo quando regista, logo a seguir:\u00a0<em>\u201cEra por volta das quatro horas da tarde\u201d<\/em>\u00a0<em>(a \u00abhora d\u00e9cima\u00bb<\/em><em>)<\/em>. Exatid\u00e3o de testemunha ocular!<\/p>\n<p>B \u2013 Quer dizer, este disc\u00edpulo Jo\u00e3o, que evita o seu nome, \u201cficou em evid\u00eancia\u201d ao recordar este \u201cpormenor\u201d, ap\u00f3s tantos anos. E significa que, n\u00e3o tendo esquecido aquela\u00a0<em>hora<\/em>, quer manifestar a import\u00e2ncia que para ele teve\u00a0<em>a hora<\/em>\u00a0em que, pela primeira vez, disse \u201csim\u201d ao seu Divino Mestre!<\/p>\n<p>A \u2013 Dois exemplos (os dois\u00a0<em>\u2018Joanes\u2019)<\/em>, admir\u00e1veis e imit\u00e1veis, para todos os que pretendem (pretendemos) seguir Jesus, como resposta ao Seu\u00a0<em>apelo<\/em>\u00a0e\u00a0<em>voca\u00e7\u00e3o<\/em>: \u201cVinde ver!\u201d; ou: \u201cVem e segue-Me\u201d! \u2026<\/p>\n<p>&nbsp;<\/p>\n<p style=\"text-align: right;\"><u>A\/B<\/u>:\u00a0<strong>Senhor, se j\u00e1 formos batizados, estamos a ser conscientes do nosso Batismo?\u2026<\/strong><\/p>\n<p style=\"text-align: right;\"><strong>Tomar consci\u00eancia disto \u00e9 o primeiro passo do verdadeiro disc\u00edpulo Teu.<\/strong><\/p>\n<p style=\"text-align: right;\"><strong>Falta-nos, por\u00e9m, a prepara\u00e7\u00e3o constante, na nossa \u201cvida em deserto\u201d,<\/strong><\/p>\n<p style=\"text-align: right;\"><strong>ou seja, sabermos unir a penit\u00eancia da cruz com a ora\u00e7\u00e3o e di\u00e1logo \u00edntimo com o Pai.<\/strong><\/p>\n<p style=\"text-align: right;\"><strong>Ajuda-nos a seguir o caminho da\u00a0<\/strong><em><strong>humildade<\/strong><\/em><strong>\u00a0na\u00a0<\/strong><em><strong>entrega<\/strong><\/em><strong>\u00a0\u00e0 salva\u00e7\u00e3o dos outros,<\/strong><\/p>\n<p style=\"text-align: right;\"><strong>como fizeram estes dois \u2018Joanes\u2019, \u00abo Batista e precursor\u00bb e \u00abo disc\u00edpulo amado\u00bb\u2026<\/strong><\/p>\n<p>&nbsp;<\/p>\n<p>&nbsp;<\/p>\n<p>\/\/\u00a0<em>PARA outras REFLEX\u00d5ES AFINS:<\/em> <a href=\"http:\/\/palavradeamorpalavra.sallep.net\">http:\/\/palavradeamorpalavra.sallep.net<\/a><\/p>\n","protected":false},"excerpt":{"rendered":"<p>\u2013\u00a0A\u00a0PALAVRA, Refletida\u00a0ao ritmo Lit\u00fargico \u2013 ( Ciclo B \u2013 Domingo 2 do T. Comum)\u00a0 \u201cEstava Jo\u00e3o Batista com dois dos seus disc\u00edpulos e, vendo Jesus que passava, disse: \u00abEis o Cordeiro de Deus!\u00bb. Os dois disc\u00edpulos ouviram-no dizer aquelas palavras e seguiram Jesus. Andr\u00e9, irm\u00e3o de Sim\u00e3o Pedro, foi um dos que ouviram Jo\u00e3o e [&hellip;]<\/p>\n","protected":false},"author":2,"featured_media":0,"comment_status":"open","ping_status":"open","sticky":false,"template":"","format":"standard","meta":{"footnotes":""},"categories":[6],"tags":[],"class_list":["post-5052","post","type-post","status-publish","format-standard","hentry","category-refletida","has-post-title","has-post-date","has-post-category","has-post-tag","has-post-comment","has-post-author",""],"builder_content":"","_links":{"self":[{"href":"https:\/\/palavradeamorpalavra.sallep.net\/index.php?rest_route=\/wp\/v2\/posts\/5052","targetHints":{"allow":["GET"]}}],"collection":[{"href":"https:\/\/palavradeamorpalavra.sallep.net\/index.php?rest_route=\/wp\/v2\/posts"}],"about":[{"href":"https:\/\/palavradeamorpalavra.sallep.net\/index.php?rest_route=\/wp\/v2\/types\/post"}],"author":[{"embeddable":true,"href":"https:\/\/palavradeamorpalavra.sallep.net\/index.php?rest_route=\/wp\/v2\/users\/2"}],"replies":[{"embeddable":true,"href":"https:\/\/palavradeamorpalavra.sallep.net\/index.php?rest_route=%2Fwp%2Fv2%2Fcomments&post=5052"}],"version-history":[{"count":2,"href":"https:\/\/palavradeamorpalavra.sallep.net\/index.php?rest_route=\/wp\/v2\/posts\/5052\/revisions"}],"predecessor-version":[{"id":5056,"href":"https:\/\/palavradeamorpalavra.sallep.net\/index.php?rest_route=\/wp\/v2\/posts\/5052\/revisions\/5056"}],"wp:attachment":[{"href":"https:\/\/palavradeamorpalavra.sallep.net\/index.php?rest_route=%2Fwp%2Fv2%2Fmedia&parent=5052"}],"wp:term":[{"taxonomy":"category","embeddable":true,"href":"https:\/\/palavradeamorpalavra.sallep.net\/index.php?rest_route=%2Fwp%2Fv2%2Fcategories&post=5052"},{"taxonomy":"post_tag","embeddable":true,"href":"https:\/\/palavradeamorpalavra.sallep.net\/index.php?rest_route=%2Fwp%2Fv2%2Ftags&post=5052"}],"curies":[{"name":"wp","href":"https:\/\/api.w.org\/{rel}","templated":true}]}}