{"id":5073,"date":"2021-01-23T11:19:51","date_gmt":"2021-01-23T11:19:51","guid":{"rendered":"http:\/\/palavradeamorpalavra.sallep.net\/?p=5073"},"modified":"2022-11-17T20:05:15","modified_gmt":"2022-11-17T20:05:15","slug":"jonas-levantou-se-e-foi-a-ninive-conforme-a-palavra-do-senhor-2","status":"publish","type":"post","link":"https:\/\/palavradeamorpalavra.sallep.net\/?p=5073","title":{"rendered":"\u00abJonas levantou-se e foi a N\u00ednive, conforme a palavra do Senhor\u00bb"},"content":{"rendered":"<p><a href=\"http:\/\/palavradeamorpalavra.sallep.net\/wp-content\/uploads\/2021\/01\/26bbb-Jonas-levantou-se-e-foi-a-Ninive-conforme-a-palavra-do-Senhor-1.png\"><img fetchpriority=\"high\" decoding=\"async\" class=\"aligncenter size-full wp-image-5074\" src=\"http:\/\/palavradeamorpalavra.sallep.net\/wp-content\/uploads\/2021\/01\/26bbb-Jonas-levantou-se-e-foi-a-Ninive-conforme-a-palavra-do-Senhor-1.png\" alt=\"\" width=\"3492\" height=\"5354\" srcset=\"https:\/\/palavradeamorpalavra.sallep.net\/wp-content\/uploads\/2021\/01\/26bbb-Jonas-levantou-se-e-foi-a-Ninive-conforme-a-palavra-do-Senhor-1.png 3492w, https:\/\/palavradeamorpalavra.sallep.net\/wp-content\/uploads\/2021\/01\/26bbb-Jonas-levantou-se-e-foi-a-Ninive-conforme-a-palavra-do-Senhor-1-196x300.png 196w, https:\/\/palavradeamorpalavra.sallep.net\/wp-content\/uploads\/2021\/01\/26bbb-Jonas-levantou-se-e-foi-a-Ninive-conforme-a-palavra-do-Senhor-1-668x1024.png 668w, https:\/\/palavradeamorpalavra.sallep.net\/wp-content\/uploads\/2021\/01\/26bbb-Jonas-levantou-se-e-foi-a-Ninive-conforme-a-palavra-do-Senhor-1-768x1178.png 768w, https:\/\/palavradeamorpalavra.sallep.net\/wp-content\/uploads\/2021\/01\/26bbb-Jonas-levantou-se-e-foi-a-Ninive-conforme-a-palavra-do-Senhor-1-1002x1536.png 1002w, https:\/\/palavradeamorpalavra.sallep.net\/wp-content\/uploads\/2021\/01\/26bbb-Jonas-levantou-se-e-foi-a-Ninive-conforme-a-palavra-do-Senhor-1-1336x2048.png 1336w, https:\/\/palavradeamorpalavra.sallep.net\/wp-content\/uploads\/2021\/01\/26bbb-Jonas-levantou-se-e-foi-a-Ninive-conforme-a-palavra-do-Senhor-1-668x1024-398x610.png 398w\" sizes=\"(max-width: 3492px) 100vw, 3492px\" \/><\/a><\/p>\n<p><strong>\uf0c6<\/strong> <strong><em>\u201cA palavra do Senhor foi dirigida, pela segunda vez, a Jonas nos seguintes termos: \u00abLevanta-te, vai \u00e0 grande cidade de N\u00ednive e apregoa nela a mensagem que Eu te direi\u00bb. <u>Jonas levantou-se e foi a N\u00ednive, conforme a palavra do Senhor<\/u>\u201d.<\/em><\/strong> [Jn 3,1-3 (1\u00aaL)].<\/p>\n<p><strong>\uf0c6<\/strong> <strong><em>\u201cDisse-lhes Jesus (a Pedro e Andr\u00e9): \u00abVinde comigo e farei de v\u00f3s pescadores de homens\u00bb. Eles deixaram logo as redes e seguiram Jesus. Um pouco mais adiante, viu Tiago, filho de Zebedeu, e seu irm\u00e3o Jo\u00e3o, que estavam no barco a consertar as redes; e chamou-os. Eles deixaram logo seu pai Zebedeu no barco com os assalariados e seguiram Jesus\u201d. <\/em><\/strong>[Mc 1,16-20 (3\u00aaL)].<\/p>\n<p>&#8212;&#8212;&#8212;&#8212;&#8212;&#8212;<\/p>\n<p>Como \u00e9 <em>maravilhosa<\/em> \u2013 infinitamente <em>multiforme,<\/em> enquanto <em>divina<\/em> \u2013 <em>a Palavra<\/em> de Deus! Sim, <em>\u201cA Palavra do Senhor <\/em>(mesmo no in\u00edcio do <em>texto<\/em>) <em>dirigida a Jonas\u201d (3,<\/em><em>1<\/em><em>)<\/em>. Ou seja, a mesma <em>Palavra de Deus<\/em>, que queremos seja tamb\u00e9m <em>Palavra nossa<\/em>, da\u00ed estas nossas <em>Reflex\u00f5es<\/em> <em>semanais <\/em>em volta da <strong><em>\u00abPalavra de Amor, Palavra\u00bb<\/em><\/strong>. N\u00e3o se esque\u00e7am!&#8230; Bom, mas vejamos agora como \u00e9 que esta <em>Palavra<\/em> nos surpreende hoje, na sequ\u00eancia e seguimento do tema anterior, a <em>Voca\u00e7\u00e3o<\/em> de Deus para cada um de n\u00f3s. Entra em cheio o conceito e imagem da <em>\u201cmedia\u00e7\u00e3o\u201d<\/em> ou dos <em>\u201cmediadores\u201d<\/em>. E observamos este \u2018fen\u00f3meno\u2019 se compararmos, sobretudo, os <em>Evangelhos<\/em> destes dois domingos \u00faltimos\u2026 O Deus do AT, tal como Jesus \u2013 enquanto homem-Deus \u2013 quando <em>\u2018chama\u2019 <\/em>algu\u00e9m (que isso \u00e9 <em>\u2018voca\u00e7\u00e3o\u2019<\/em>) para <em>realizar uma miss\u00e3o <\/em>nunca o faz \u2018diretamente\u2019 nem <em>\u2018\u00e0 primeira\u2019<\/em> (isto vemo-lo em <em>Jonas<\/em>). No caso do jovem Samuel <em>(1Sm 3)<\/em> \u2013 lembram-se? \u2013 vemos que <em>chama,<\/em> e <em>prepara,<\/em> o pequeno Samuel atrav\u00e9s do sacerdote Heli (a\u00ed est\u00e1 o \u2018mediador\u2019). E esclarece, curiosamente, que o \u2018menino\u2019 <em>\u201cainda n\u00e3o conhecia a voz de Deus\u201d<\/em>\u2026 Quanto \u00e0 atitude de Jesus, no Evangelho (de <em><u>Jo<\/u><\/em> e de <em><u>Mc<\/u><\/em>), vemos que, primeiro, \u2018preparou\u2019 a(as) pessoa(as) recetora(s), atrav\u00e9s dos <em>mediadores<\/em>. Para \u2018os dois\u2019 disc\u00edpulos, Andr\u00e9 e Jo\u00e3o, <em>por meio<\/em> do seu antigo Mestre, Jo\u00e3o Batista; e lembremos que eles <em>\u201cficaram com Jesus aquele dia\u201d<\/em>, que era como \u2018experimentar\u2019\u2026 O mesmo aconteceu com Pedro (irm\u00e3o do Andr\u00e9) e Tiago (irm\u00e3o do Jo\u00e3o), que foram ter com Jesus, <em>levados<\/em> pelos seus respetivos irm\u00e3os (mediadores). Mas, quer uns quer outros, foram \u201cchamados\u201d (definitivamente!) por Jesus alguns dias mais tarde (precisamente <em>\u201cquando estavam a pescar\u201d<\/em>)&#8230; Quer dizer, a\/s <em>Voca\u00e7\u00e3o\/\u00f5es<\/em> de Deus, <em>em<\/em> e <em>por<\/em> Jesus, costumam realizar-se: precedidas de uma <em>prepara\u00e7\u00e3o<\/em> e atrav\u00e9s de <em>\u201cmedia\u00e7\u00f5es\u201d<\/em>\u2026 \u00a0<em>Palavra <\/em>de Deus &#8211; sempre \u201cmultiforme\u201d: em cont\u00ednua <em>metamorfose!<\/em><\/p>\n<p><strong>\u00ab<\/strong><strong>\u00a0 <\/strong>E n\u00f3s sabemos, <strong>M\u00e3e<\/strong>, <strong>Senhora Nossa de Czestochowa<\/strong>, que \u00e9s para n\u00f3s, desde sempre, a \u00ab<em>Medianeira<\/em> de todas as Gra\u00e7as\u00bb (pois \u00e9 essa a significa\u00e7\u00e3o de todas as tuas <em>Apari\u00e7\u00f5es<\/em>)\u2026 E foi Deus quem Te colocou, como <em>\u201cMedia\u00e7\u00e3o\u201d privilegiada<\/em> entre <em>Ele<\/em> e <em>n\u00f3s<\/em>, junto com Jesus, o Filho (d\u2019Ele e Teu): o Verdadeiro <em>Mediador<\/em> Universal! \u00a0Por isso, queremos imitar os nossos irm\u00e3os crist\u00e3os (da Pol\u00f3nia) vivendo a nossa consagra\u00e7\u00e3o a Ti, <em>\u00abSenhora e Rainha,<\/em> <em>na Fidelidade: a Deus, \u00e0 Cruz, ao Evangelho e \u00e0 Igreja\u00bb<\/em> (como eles repetem uma e outra vez).<\/p>\n<p><u>\u00a0<\/u><\/p>\n<p><u>NOTAS<\/u> COMPLEMENTARES:<\/p>\n<p>1-] \u00a0<u>Nogueira<\/u> comum (<em>Juglans regia<\/em>)<em>. <\/em>Tamb\u00e9m chamada <em>nogueira europeia, <\/em>por ser nativa da Europa, junto com a \u00c1sia (P\u00e9rsia e China)\u2026 O seu fruto, a <em>Noz<\/em> (ou <em>noz persa<\/em>) utiliza-se sobretudo na alimenta\u00e7\u00e3o mas tamb\u00e9m na produ\u00e7\u00e3o de \u00f3leos\u2026 A sua medeira \u00e9 de \u00f3tima qualidade\u2026<\/p>\n<p>2-] \u00a0Nossa <u>Senhora de Czestochowa<\/u> (Pol\u00f3nia). <em>T\u00edtulo mariano<\/em> e Santu\u00e1rio com uma hist\u00f3ria-tradi\u00e7\u00e3o muito antiga e rica de acontecimentos\u2026 Remontando-se at\u00e9 ao s\u00e9c. I, \u00e9 certamente a \u2018hist\u00f3ria\u2019 mais extensa e variada de todas as <em>\u201cApari\u00e7\u00f5es de nossa Senhora\u201d<\/em>. A tradi\u00e7\u00e3o inicia-se com o quadro \u2018famoso\u2019 de Maria que o Evangelista S. Lucas \u2018pintou\u2019 (aproveitando a sua rela\u00e7\u00e3o com a M\u00e3e de Jesus \u2013 ainda em carne mortal \u2013 para escrever o seu <em>Evangelho<\/em> da inf\u00e2ncia de Jesus); calcula-se entre os anos 40 e 50 da nossa Era crist\u00e3. <em>C\u00f3pias<\/em> deste \u2018quadro\u2019 (desde o Emperador <em>Constantino<\/em>) passaram por diversas vicissitudes ao longo da hist\u00f3ria-tradi\u00e7\u00e3o\u2026 at\u00e9 chegarmos \u00e0 Pol\u00f3nia, com o rei Ladislau (sobrinho de Ludovico) no s\u00e9c. XIV (a. 1382) que, \u00a0ao receber uma das c\u00f3pias do quadro, entregou-a ao convento de Frades de <em>Monte Claro<\/em> (= <em>\u00abJasna Gora\u00bb<\/em>). O Papa Martinho V (1429) deu a sua <em>B\u00ean\u00e7\u00e3o papal<\/em> ao Santu\u00e1rio que ali se edificou. A partir da\u00ed, in\u00fameras gra\u00e7as e todo o tipo de milagres e curas s\u00e3o atribu\u00eddos \u00e0 \u00abSenhora Negra\u00bb, pelos numerosos peregrinos nacionais e estrangeiros\u2026 Os fi\u00e9is polacos atribuem \u00e0 sua Padroeira a vit\u00f3ria final contra Adolf Hitler (2\u00aa Guerra M.), cujo fracasso foi devido, segundo ele pr\u00f3prio expressou, <em>\u201ca essa Negra de Czestochowa\u201d!&#8230;<\/em> Para j\u00e1 n\u00e3o falar da rela\u00e7\u00e3o do grande Papa polaco, S. Jo\u00e3o Paulo II, com esta <em>Invoca\u00e7\u00e3o de Nossa Senhora de Czestochowa<\/em> \u2026<\/p>\n<p>3-] \u00a0A sequ\u00eancia dos principais <em>\u2018Lugares\u2019<\/em> (Santu\u00e1rios-Apari\u00e7\u00f5es-T\u00edtulos-Invoca\u00e7\u00f5es\u2026) de <strong>\u2018NOSSA SENHORA\u2019 e M\u00c3E, Maria,<\/strong> <em>\u2018visitados\u2019 nas nossas Reflex\u00f5es,<\/em> <u>at\u00e9 ao presente<\/u>, s\u00e3o:<\/p>\n<p><strong>&#8212;<\/strong>\u00a0 1. <u>F\u00c1TIMA<\/u> (Portugal). \/\/ 2. <u>GUADALUPE<\/u> (M\u00e9xico). \/\/ 3. <u>LURDES<\/u> (Fran\u00e7a). \/\/ 4. <u>APARECIDA<\/u> (Brasil). \/\/ 5. DE <u>KIBEHO<\/u> (Ruanda\/\u00c1frica). \/\/ 6. DE <u>AKITA<\/u> e <u>NAJU<\/u> (\u00c1sia). \/\/ 7. <u>AUXILIADORA<\/u> (Papu\u00e1sia\/Oce\u00e2nia). \/\/ 8. DO <u>CARMO<\/u> (Israel e Inglaterra). \/\/ 9. DAS <u>NEVES<\/u> (It\u00e1lia). \/\/ 10. DOS <u>POVOS<\/u> (Holanda). \/\/ 11. DAS <u>GRA\u00c7AS<\/u> (Fran\u00e7a). \/\/ 12. DE <u>CZESTOCHOWA<\/u> (Pol\u00f3nia).<\/p>\n<p>&nbsp;<\/p>\n<p>\/\/\u00a0<em>PARA outras REFLEX\u00d5ES AFINS:<\/em> <a href=\"http:\/\/palavradeamorpalavra.sallep.net\">http:\/\/palavradeamorpalavra.sallep.net<\/a><\/p>\n","protected":false},"excerpt":{"rendered":"<p>\uf0c6 \u201cA palavra do Senhor foi dirigida, pela segunda vez, a Jonas nos seguintes termos: \u00abLevanta-te, vai \u00e0 grande cidade de N\u00ednive e apregoa nela a mensagem que Eu te direi\u00bb. Jonas levantou-se e foi a N\u00ednive, conforme a palavra do Senhor\u201d. [Jn 3,1-3 (1\u00aaL)]. \uf0c6 \u201cDisse-lhes Jesus (a Pedro e Andr\u00e9): \u00abVinde comigo e [&hellip;]<\/p>\n","protected":false},"author":2,"featured_media":0,"comment_status":"open","ping_status":"open","sticky":false,"template":"","format":"standard","meta":{"footnotes":""},"categories":[6],"tags":[],"class_list":["post-5073","post","type-post","status-publish","format-standard","hentry","category-refletida","has-post-title","has-post-date","has-post-category","has-post-tag","has-post-comment","has-post-author",""],"builder_content":"","_links":{"self":[{"href":"https:\/\/palavradeamorpalavra.sallep.net\/index.php?rest_route=\/wp\/v2\/posts\/5073","targetHints":{"allow":["GET"]}}],"collection":[{"href":"https:\/\/palavradeamorpalavra.sallep.net\/index.php?rest_route=\/wp\/v2\/posts"}],"about":[{"href":"https:\/\/palavradeamorpalavra.sallep.net\/index.php?rest_route=\/wp\/v2\/types\/post"}],"author":[{"embeddable":true,"href":"https:\/\/palavradeamorpalavra.sallep.net\/index.php?rest_route=\/wp\/v2\/users\/2"}],"replies":[{"embeddable":true,"href":"https:\/\/palavradeamorpalavra.sallep.net\/index.php?rest_route=%2Fwp%2Fv2%2Fcomments&post=5073"}],"version-history":[{"count":2,"href":"https:\/\/palavradeamorpalavra.sallep.net\/index.php?rest_route=\/wp\/v2\/posts\/5073\/revisions"}],"predecessor-version":[{"id":5076,"href":"https:\/\/palavradeamorpalavra.sallep.net\/index.php?rest_route=\/wp\/v2\/posts\/5073\/revisions\/5076"}],"wp:attachment":[{"href":"https:\/\/palavradeamorpalavra.sallep.net\/index.php?rest_route=%2Fwp%2Fv2%2Fmedia&parent=5073"}],"wp:term":[{"taxonomy":"category","embeddable":true,"href":"https:\/\/palavradeamorpalavra.sallep.net\/index.php?rest_route=%2Fwp%2Fv2%2Fcategories&post=5073"},{"taxonomy":"post_tag","embeddable":true,"href":"https:\/\/palavradeamorpalavra.sallep.net\/index.php?rest_route=%2Fwp%2Fv2%2Ftags&post=5073"}],"curies":[{"name":"wp","href":"https:\/\/api.w.org\/{rel}","templated":true}]}}