{"id":5082,"date":"2021-01-29T21:51:59","date_gmt":"2021-01-29T21:51:59","guid":{"rendered":"http:\/\/palavradeamorpalavra.sallep.net\/?p=5082"},"modified":"2022-11-17T07:42:20","modified_gmt":"2022-11-17T07:42:20","slug":"porei-as-minhas-palavras-na-sua-boca","status":"publish","type":"post","link":"https:\/\/palavradeamorpalavra.sallep.net\/?p=5082","title":{"rendered":"\u00abPorei as minhas palavras na sua boca\u2026\u00bb"},"content":{"rendered":"<p><a href=\"http:\/\/palavradeamorpalavra.sallep.net\/wp-content\/uploads\/2021\/01\/27bbb-Porei-as-minhas-palavras-na-sua-boca\u2026.png\"><img fetchpriority=\"high\" decoding=\"async\" class=\"aligncenter size-full wp-image-5084\" src=\"http:\/\/palavradeamorpalavra.sallep.net\/wp-content\/uploads\/2021\/01\/27bbb-Porei-as-minhas-palavras-na-sua-boca\u2026.png\" alt=\"\" width=\"3545\" height=\"5419\" srcset=\"https:\/\/palavradeamorpalavra.sallep.net\/wp-content\/uploads\/2021\/01\/27bbb-Porei-as-minhas-palavras-na-sua-boca\u2026.png 3545w, https:\/\/palavradeamorpalavra.sallep.net\/wp-content\/uploads\/2021\/01\/27bbb-Porei-as-minhas-palavras-na-sua-boca\u2026-196x300.png 196w, https:\/\/palavradeamorpalavra.sallep.net\/wp-content\/uploads\/2021\/01\/27bbb-Porei-as-minhas-palavras-na-sua-boca\u2026-670x1024.png 670w, https:\/\/palavradeamorpalavra.sallep.net\/wp-content\/uploads\/2021\/01\/27bbb-Porei-as-minhas-palavras-na-sua-boca\u2026-768x1174.png 768w, https:\/\/palavradeamorpalavra.sallep.net\/wp-content\/uploads\/2021\/01\/27bbb-Porei-as-minhas-palavras-na-sua-boca\u2026-1005x1536.png 1005w, https:\/\/palavradeamorpalavra.sallep.net\/wp-content\/uploads\/2021\/01\/27bbb-Porei-as-minhas-palavras-na-sua-boca\u2026-1340x2048.png 1340w, https:\/\/palavradeamorpalavra.sallep.net\/wp-content\/uploads\/2021\/01\/27bbb-Porei-as-minhas-palavras-na-sua-boca\u2026-670x1024-398x608.png 398w\" sizes=\"(max-width: 3545px) 100vw, 3545px\" \/><\/a><\/p>\n<p><strong>\uf0c6<\/strong> <strong><em>\u201cO Senhor disse a Mois\u00e9s: \u00abEles t\u00eam raz\u00e3o;\u00a0 farei surgir para eles, do meio dos seus irm\u00e3os, um profeta como tu. <u>Porei as minhas palavras na sua boca<\/u>\u2026\u00bb\u201d.<\/em><\/strong> [Dt 18,17-18 (1\u00aaL)].<\/p>\n<p><strong>\uf0c6<\/strong> <strong><em>\u201cEncontrava-se na sinagoga um homem com um esp\u00edrito impuro, que come\u00e7ou a gritar: <\/em><\/strong><strong><em>\u00abQue tens Tu a ver connosco, Jesus Nazareno?&#8230; Jesus repreendeu-o, dizendo: \u00abCala-te, e sai desse homem!\u00bb\u2026\u201d. <\/em><\/strong>[Mc 1,23.25 (3\u00aaL)].<\/p>\n<p>&#8212;&#8212;&#8212;&#8212;&#8212;&#8212;<\/p>\n<p>Record\u00e1vamos, na Reflex\u00e3o anterior, algumas excel\u00eancias da <em>Palavra<\/em> de Deus, e vinha ao de cima o t\u00edtulo <strong><em>\u00abPalavra de Amor, Palavra\u00bb<\/em> <\/strong>(nome do nosso \u2018<strong>Blog<\/strong>\u2019). Na mesma sequ\u00eancia, a <em>Palavra <\/em>de hoje parece alertar-nos para n\u00e3o confundirmos duas \u201cpalavras\u201d diferentes, ou \u2018d\u00edspares\u2019, mais ainda, de sentidos \u2018opostos\u2019. H\u00e1 uma Palavra, que nasce em Deus, que \u00e9 gerada por Deus, y que se transmite \u2013 natural e sobrenaturalmente \u2013 atrav\u00e9s de um <em>Profeta<\/em>, que \u00e9 ao mesmo tempo, <em>conflu\u00eancia<\/em> e <em>origem<\/em> de todos os profetas da Palavra: conflu\u00eancia, porque todos os \u2018anteriores\u2019 existiram em fun\u00e7\u00e3o d\u2019<em>Ele<\/em>; e \u2018origem\u2019, porque todos os outros profetas dessa Palavra, s\u00f3 t\u00eam sentido e raz\u00e3o de ser \u2018desde\u2019 esse Verdadeiro e \u00danico Profeta da Palavra de Deus, uma vez que Ele pr\u00f3prio \u00e9 \u201cA Palavra\u201d encarnada (o \u201cVerbo\u201d), o Filho de Deus, JESUS de Nazar\u00e9, o homem-Deus\u2026 Claro que ningu\u00e9m podia imaginar que fosse realizada assim, deste modo, aquela <em>promessa<\/em> Divina, <em>\u201cDiz o Senhor, teu Deus: \u00abEu farei surgir, para eles, e do meio dos seus irm\u00e3os, um profeta, que <u>levar\u00e1 as minhas palavras na sua boca<\/u>\u2026\u00bb\u201d <\/em><em>(Dt 18,<\/em><em>17<\/em><em>)<\/em><em>&#8230;<\/em> Mas este Jesus \u2013 que n\u00e3o pode dizer outra palavra que n\u00e3o seja a <em>Palavra de Deus<\/em> por ser Ele pr\u00f3prio \u00abA Palavra\u00bb \u2013 avisa-nos, no seu Evangelho, acerca da \u2018outra palavra\u2019 ou das \u2018outras palavras\u2019, que nos podem <em>confundir<\/em> porque, apesar de proceder do esp\u00edrito Maligno, aparecem disfar\u00e7adas \u2018de bem\u2019. Assim falou Jesus, <em>\u201crepreendendo aquele \u2018esp\u00edrito impuro\u2019:<\/em> <em>\u00abCala-te e sai desse homem!\u00bb\u201d <\/em><em>(Mc 1,<\/em><em>25<\/em><em>)<\/em>. Isso \u2013 Cala-te! \u2013 devemos n\u00f3s dizer a toda a <em>voz<\/em> (<em>\u2018palavra\u2019<\/em>) que n\u00e3o proceda diretamente da <em>Palavra <\/em>de Deus, que \u00e9 <em>Jesus!<\/em><\/p>\n<p><strong>\u00ab<\/strong><strong>\u00a0 <\/strong>E hoje acudimos a Ti, <strong>Nossa Senhora de Coromoto<\/strong>. Quiseste demonstrar com a tua apari\u00e7\u00e3o naquelas terras da Am\u00e9rica do Sul \u2013 em plena <em>miss\u00e3o evangelizadora<\/em> \u2013 que Tu acompanhas sempre os mission\u00e1rios, sobretudo quando se acham em dificuldades&#8230; E agora, nestes tempos que s\u00e3o os nossos, ensina-nos, M\u00e3e, a distinguir a <em>Palavra<\/em> do teu Filho Jesus, de todas as outras palavras que hoje tentam \u201cconfundir-nos\u201d\u2026 E acompanha-nos sempre na nossa tarefa de <em>Evangeliza\u00e7\u00e3o<\/em> e transmiss\u00e3o dessa <em>Palavra<\/em> da Verdade, que \u00e9 Cristo Jesus.<\/p>\n<p>&nbsp;<\/p>\n<p><u>NOTAS<\/u> COMPLEMENTARES:<\/p>\n<p>1-] \u00a0Nossa <u>Senhora de <\/u><u>Coromoto<\/u> (Venezuela). <em>Apari\u00e7\u00e3o de Maria<\/em> e <em>Santu\u00e1rio<\/em>, na Am\u00e9rica do Sul. Num povoado ind\u00edgena junto do <em>rio Coromoto<\/em>, Nossa Senhora apareceu (1651), com o menino Jesus no colo, ao chefe \u00edndio (cacique) daquela tribo (os <em>cospas<\/em>), exortando-o a batizar-se, junto com o seu povo. Ele concordou e \u2013 uma vez preparados pelos mission\u00e1rios \u2013 mais de setecentos receberam Batismo; nesse momento, a Virgem Maria manifestou-se a todos\u2026 Uma imagem de Nossa Senhora, encontrada na casa do cacique, foi colocada na igreja, que, posteriormente, se transformou em Santu\u00e1rio. E a<em> Senhora de Coromoto<\/em> (\u201creconhecida\u201d pela Igreja em 1698) passou a ser, a partir da\u00ed, a <em>Padroeira da Venezuela<\/em>\u2026<\/p>\n<p>2-]\u00a0 <u>Abacateiro<\/u> (<em>Persea americana<\/em>)<em>, <\/em>tamb\u00e9m chamada <em>Louro-abacate<\/em>, \u00e9 uma \u00e1rvore de grande porte, de crescimento r\u00e1pido, ultrapassando os 30 metros de altura, nativa da Am\u00e9rica Central e M\u00e9xico\u2026 Prefere climas tropicais ou subtropicais. O seu fruto, <em>o abacate<\/em>, \u00e9 periforme e de casca verde-escura, tem a polpa amarelada, adocicada e cremosa, rica em gordura\u2026<\/p>\n<p>&nbsp;<\/p>\n<p>3-] \u00a0Eis a sequ\u00eancia dos principais <em>\u2018Lugares\u2019<\/em> (Santu\u00e1rios-Apari\u00e7\u00f5es-T\u00edtulos-Invoca\u00e7\u00f5es\u2026) de<strong> \u2018NOSSA SENHORA\u2019 e M\u00c3E,<\/strong> <strong>Maria,<\/strong><em> \u2018visitados\u2019 nas nossas Reflex\u00f5es,<\/em> <u>at\u00e9 ao presente<\/u>:<\/p>\n<p><strong>&#8212;<\/strong>\u00a0 1. <u>F\u00c1TIMA<\/u> (Portugal). \/\/ 2. <u>GUADALUPE<\/u> (M\u00e9xico). \/\/ 3. <u>LURDES<\/u> (Fran\u00e7a). \/\/ 4. <u>APARECIDA<\/u> (Brasil). \/\/ 5. DE <u>KIBEHO<\/u> (Ruanda\/\u00c1frica). \/\/ 6. DE <u>AKITA<\/u> e <u>NAJU<\/u> (\u00c1sia). \/\/ 7. <u>AUXILIADORA<\/u> (Papu\u00e1sia\/Oce\u00e2nia). \/\/ 8. DO <u>CARMO<\/u> (Israel e Inglaterra). \/\/ 9. DAS <u>NEVES<\/u> (It\u00e1lia). \/\/ 10. DOS <u>POVOS<\/u> (Holanda). \/\/ 11. DAS <u>GRA\u00c7AS<\/u> (Fran\u00e7a). \/\/ 12. DE <u>CZESTOCHOWA<\/u> (Pol\u00f3nia). \/\/ 13. DE <u>COROMOTO<\/u> (Venezuela).<\/p>\n<p>&nbsp;<\/p>\n<p><a href=\"http:\/\/palavradeamorpalavra.sallep.net\/wp-content\/uploads\/2021\/01\/27bbb-Porei-as-minhas-palavras-na-sua-boca\u2026.png\">\/\/\u00a0<em>PARA outras REFLEX\u00d5ES AFINS:<\/em> <\/a><a href=\"http:\/\/palavradeamorpalavra.sallep.net\">http:\/\/palavradeamorpalavra.sallep.net<\/a><a href=\"http:\/\/palavradeamorpalavra.sallep.net\/wp-content\/uploads\/2021\/01\/27bbb-Porei-as-minhas-palavras-na-sua-boca\u2026.png\"><br \/>\n<\/a><\/p>\n","protected":false},"excerpt":{"rendered":"<p>\uf0c6 \u201cO Senhor disse a Mois\u00e9s: \u00abEles t\u00eam raz\u00e3o;\u00a0 farei surgir para eles, do meio dos seus irm\u00e3os, um profeta como tu. Porei as minhas palavras na sua boca\u2026\u00bb\u201d. [Dt 18,17-18 (1\u00aaL)]. \uf0c6 \u201cEncontrava-se na sinagoga um homem com um esp\u00edrito impuro, que come\u00e7ou a gritar: \u00abQue tens Tu a ver connosco, Jesus Nazareno?&#8230; Jesus [&hellip;]<\/p>\n","protected":false},"author":2,"featured_media":0,"comment_status":"open","ping_status":"open","sticky":false,"template":"","format":"standard","meta":{"footnotes":""},"categories":[6],"tags":[],"class_list":["post-5082","post","type-post","status-publish","format-standard","hentry","category-refletida","has-post-title","has-post-date","has-post-category","has-post-tag","has-post-comment","has-post-author",""],"builder_content":"","_links":{"self":[{"href":"https:\/\/palavradeamorpalavra.sallep.net\/index.php?rest_route=\/wp\/v2\/posts\/5082","targetHints":{"allow":["GET"]}}],"collection":[{"href":"https:\/\/palavradeamorpalavra.sallep.net\/index.php?rest_route=\/wp\/v2\/posts"}],"about":[{"href":"https:\/\/palavradeamorpalavra.sallep.net\/index.php?rest_route=\/wp\/v2\/types\/post"}],"author":[{"embeddable":true,"href":"https:\/\/palavradeamorpalavra.sallep.net\/index.php?rest_route=\/wp\/v2\/users\/2"}],"replies":[{"embeddable":true,"href":"https:\/\/palavradeamorpalavra.sallep.net\/index.php?rest_route=%2Fwp%2Fv2%2Fcomments&post=5082"}],"version-history":[{"count":1,"href":"https:\/\/palavradeamorpalavra.sallep.net\/index.php?rest_route=\/wp\/v2\/posts\/5082\/revisions"}],"predecessor-version":[{"id":5085,"href":"https:\/\/palavradeamorpalavra.sallep.net\/index.php?rest_route=\/wp\/v2\/posts\/5082\/revisions\/5085"}],"wp:attachment":[{"href":"https:\/\/palavradeamorpalavra.sallep.net\/index.php?rest_route=%2Fwp%2Fv2%2Fmedia&parent=5082"}],"wp:term":[{"taxonomy":"category","embeddable":true,"href":"https:\/\/palavradeamorpalavra.sallep.net\/index.php?rest_route=%2Fwp%2Fv2%2Fcategories&post=5082"},{"taxonomy":"post_tag","embeddable":true,"href":"https:\/\/palavradeamorpalavra.sallep.net\/index.php?rest_route=%2Fwp%2Fv2%2Ftags&post=5082"}],"curies":[{"name":"wp","href":"https:\/\/api.w.org\/{rel}","templated":true}]}}