{"id":5091,"date":"2021-02-01T21:22:55","date_gmt":"2021-02-01T21:22:55","guid":{"rendered":"http:\/\/palavradeamorpalavra.sallep.net\/?p=5091"},"modified":"2022-11-16T22:23:31","modified_gmt":"2022-11-16T22:23:31","slug":"e-uma-espada-trespassara-a-tua-alma-2","status":"publish","type":"post","link":"https:\/\/palavradeamorpalavra.sallep.net\/?p=5091","title":{"rendered":"\u00abE uma espada trespassar\u00e1 a tua alma&#8230;\u00bb"},"content":{"rendered":"<p><a href=\"http:\/\/palavradeamorpalavra.sallep.net\/wp-content\/uploads\/2021\/02\/60bbb-E-uma-espada-trespassara-a-tua-alma....png\"><img fetchpriority=\"high\" decoding=\"async\" class=\"aligncenter size-full wp-image-5092\" src=\"http:\/\/palavradeamorpalavra.sallep.net\/wp-content\/uploads\/2021\/02\/60bbb-E-uma-espada-trespassara-a-tua-alma....png\" alt=\"\" width=\"3436\" height=\"5329\" srcset=\"https:\/\/palavradeamorpalavra.sallep.net\/wp-content\/uploads\/2021\/02\/60bbb-E-uma-espada-trespassara-a-tua-alma....png 3436w, https:\/\/palavradeamorpalavra.sallep.net\/wp-content\/uploads\/2021\/02\/60bbb-E-uma-espada-trespassara-a-tua-alma...-193x300.png 193w, https:\/\/palavradeamorpalavra.sallep.net\/wp-content\/uploads\/2021\/02\/60bbb-E-uma-espada-trespassara-a-tua-alma...-660x1024.png 660w, https:\/\/palavradeamorpalavra.sallep.net\/wp-content\/uploads\/2021\/02\/60bbb-E-uma-espada-trespassara-a-tua-alma...-768x1191.png 768w, https:\/\/palavradeamorpalavra.sallep.net\/wp-content\/uploads\/2021\/02\/60bbb-E-uma-espada-trespassara-a-tua-alma...-990x1536.png 990w, https:\/\/palavradeamorpalavra.sallep.net\/wp-content\/uploads\/2021\/02\/60bbb-E-uma-espada-trespassara-a-tua-alma...-1320x2048.png 1320w, https:\/\/palavradeamorpalavra.sallep.net\/wp-content\/uploads\/2021\/02\/60bbb-E-uma-espada-trespassara-a-tua-alma...-660x1024-398x617.png 398w\" sizes=\"(max-width: 3436px) 100vw, 3436px\" \/><\/a><\/p>\n<p><strong>\uf0c6<\/strong> <strong><em>\u201cEle devia tornar-Se semelhante em tudo aos seus irm\u00e3os, para ser um sumo sacerdote misericordioso\u2026 De facto, porque <u>Ele pr\u00f3prio foi provado pelo sofrimento<\/u>, assim pode socorrer aqueles que sofrem prova\u00e7\u00e3o\u201d. <\/em><\/strong>[Hb 2,17-18 (2\u00aaL)].<\/p>\n<p><strong>\uf0c6<\/strong> <strong><em>\u201cSime\u00e3o aben\u00e7oou-os e disse a Maria, sua M\u00e3e: \u00ab\u2026E este Menino foi estabelecido para que muitos caiam ou se levantem\u2026 e para ser sinal de contradi\u00e7\u00e3o; \u2013 <u>e <\/u><\/em><\/strong><strong><em><u>uma espada trespassar\u00e1 a tua alma<\/u><\/em><\/strong><strong><em> \u2013\u2026\u201d. <\/em><\/strong>[Lc 2,34-35 (3\u00aaL)].<\/p>\n<p>&nbsp;<\/p>\n<p>&#8212;&#8212;&#8212;&#8212;&#8212;&#8212;<\/p>\n<p>&nbsp;<\/p>\n<p>O sentido e a import\u00e2ncia do <em>mediador<\/em>, ou da <em>\u201cmedia\u00e7\u00e3o\u201d<\/em>, surge-nos de novo nesta <em>Palavra<\/em> de hoje (como se recordar\u00e1, na <em>Palavra<\/em> de uma das nossas \u00faltimas Reflex\u00f5es)\u2026 Igualmente, neste caso, aparecem-nos <em>juntos<\/em> \u2013 porque insepar\u00e1veis \u2013 o Filho e a M\u00e3e, Jesus e Maria. V\u00edamos, naquela altura, que a <em>media\u00e7\u00e3o<\/em> de Maria est\u00e1 sempre ligada e subordinada \u00e0 <em>Media\u00e7\u00e3o<\/em> de Jesus \u2013 \u00fanico e verdadeiro Mediador \u2013. Acontece, por\u00e9m, que talvez ainda n\u00e3o refletimos o suficiente no facto de que Maria \u2013 como se viu \u2013 n\u00e3o \u00e9 Medianeira apenas e s\u00f3 por ser a M\u00e3e do Mediador, mas, porque para tal, <em>demonstrou <\/em>(!?) tamb\u00e9m que <em>estava \u00e0 altura<\/em> no que diz respeito aos \u201csofrimentos redentores\u201d, \u00e0 imita\u00e7\u00e3o do Filho\u2026 Neste epis\u00f3dio, objeto da Festa de hoje \u2013 a <em>Apresenta\u00e7\u00e3o de Jesus e \u2018Purifica\u00e7\u00e3o\u2019 de Maria<\/em> \u2013 fica tamb\u00e9m patente que, a n\u00edvel de \u00abdores e cruz\u00bb, iria seguir de perto os passos do seu Filho na tarefa da Reden\u00e7\u00e3o e Salva\u00e7\u00e3o da Humanidade. Se na <em>Ep\u00edstola aos Hebreus<\/em> \u2013 que recolhe a tradi\u00e7\u00e3o prof\u00e9tica do AT \u2013 fica clara a coer\u00eancia entre os <em>sofrimentos pr\u00f3prios<\/em> (de Jesus) para ajudar e compreender os <em>sofrimentos dos humanos <\/em>(<em>\u201cEle pr\u00f3prio foi provado pelo sofrimento, para poder socorrer aqueles que sofrem prova\u00e7\u00e3o\u201d<\/em>), de igual modo, agora se anuncia, assim sem mais, que <em>\u201cuma espada trespassar\u00e1 a alma\u201d<\/em> de Maria, por ser a M\u00e3e daquele beb\u00e9 que Ela apresenta nos seus bra\u00e7os\u2026 Quer dizer, por mais esta raz\u00e3o poderosa, Ela vai acompanhar sempre, com a sua <em>Media\u00e7\u00e3o maternal<\/em> \u2013 e por direito pr\u00f3prio \u2013 a Media\u00e7\u00e3o Universal de Jesus! Assim de simples!<\/p>\n<p><strong>\u00ab<\/strong><strong>\u00a0 <\/strong>Mas Tu, M\u00e3e, exercer\u00e1s a tua <em>fun\u00e7\u00e3o de Media\u00e7\u00e3o<\/em> atrav\u00e9s dessa <strong><em>LUZ<\/em><\/strong><em> Divina<\/em> de que \u00e9s portadora: o teu Filho Jesus. Por isso hoje, acudimos a Ti, <strong>Nossa <u>Senhora da Candel\u00e1ria<\/u><\/strong>, ou<em> Virgem <u>das Candeias<\/u><\/em>, porque esse Menino, que levas sempre contigo \u2013 e que agora est\u00e1<em> \u201cnos bra\u00e7os do anci\u00e3o Sime\u00e3o\u201d<\/em> \u2013 Ele pr\u00f3prio \u00e9 e ser\u00e1 sempre (segundo as palavras prof\u00e9ticas desse anci\u00e3o): <em>\u201cLuz para se revelar \u00e0s na\u00e7\u00f5es\u2026\u201d<\/em>. Ent\u00e3o, M\u00e3e, n\u00f3s queremos seguir sempre essa Luz, por esse <em>Caminho de Jesus,<\/em> que Tu seguiste, mesmo quando <em>\u201catravessados pela espada da dor\u201d<\/em>, para sermos tamb\u00e9m \u201ccorredentores\u201d contigo, para a salva\u00e7\u00e3o de todos\u2026 E entramos assim nessa corrente solid\u00e1ria de <em>\u201creden\u00e7\u00f5es\u201d<\/em>: verdadeiras \u00abmetamorfoses\u00bb de Salva\u00e7\u00e3o!<\/p>\n<p><u>\u00a0<\/u><\/p>\n<p><u>NOTAS<\/u> COMPLEMENTARES:<\/p>\n<p>1-] \u00a0Nossa <u>Senhora da Candel\u00e1ria<\/u><strong>.<\/strong> A <em>Virgem das Candeias<\/em> ou <em>da Luz,<\/em> \u201capareceu\u201d numa praia (atualmente na vila de <em>Candel\u00e1ria<\/em>) da <strong>I<\/strong>lha de <em>Tenerife<\/em> (Can\u00e1rias\/Espanha) no ano 1400. Os nativos <em>guanches<\/em> da <strong>I<\/strong>lha, ao princ\u00edpio ficaram com medo dela\u2026 No entanto, uma imagem da <em>\u201cVirgem das Candeias\u201d<\/em> ficou guardada e venerada numa caverna, onde posteriormente seria constru\u00eddo um Templo-Santu\u00e1rio\u2026 Entretanto, a devo\u00e7\u00e3o espalhou-se pela Am\u00e9rica latina&#8230; J\u00e1 nos meados do s\u00e9c. XX, foi constru\u00edda a <em><u>Bas\u00edlica Real<\/u> da Candel\u00e1ria, <\/em>edif\u00edcio de tamanho consider\u00e1vel, com capacidade para 5000 pessoas<em>..<\/em>. A sua festa principal \u00e9 no <em><u>2 de fevereiro<\/u> <\/em>(a <em>Apresenta\u00e7\u00e3o do Senhor,<\/em> e <em>Purifica\u00e7\u00e3o de Maria\/Senhora das Candeias<\/em>); mas celebra-se tamb\u00e9m uma segunda e grande festa, no <em>15 de agosto<\/em> (a <em>Assun\u00e7\u00e3o de Maria<\/em>)\u2026 O n\u00famero de visitantes <em>(peregrinos?)<\/em> calcula-se em cerca de 2,5 milh\u00f5es por ano. O Santu\u00e1rio foi declarado pelo Papa <em>Bento XVI<\/em> como <em><u>Bas\u00edlica<\/u><\/em><u> <em>Menor<\/em><\/u> e solenemente consagrada como tal em <em>2 de fevereiro de 2011<\/em>.<\/p>\n<p>2-]\u00a0 <u>Bananeira<\/u> (<em>Musa paradisiaca<\/em>)<em>. <\/em>Planta frut\u00edfera que se encontra em muitas regi\u00f5es tropicais e subtropicais da Am\u00e9rica, \u00c1frica e \u00c1sia.\u00a0Na zona <em>euroafricana-atl\u00e2ntica<\/em>, s\u00e3o famosas as bananas das <strong>I<\/strong>lhas Can\u00e1rias\u2026 Est\u00e3o identificadas quatro <em>variedades<\/em> (tipos) principais de banana: a <em>banana-prata<\/em>; a <em>banana-ma\u00e7\u00e3<\/em> (pequena e arredondada); a <em>banana-caturra<\/em> (grande, tamb\u00e9m conhecida como \u2018banana-d&#8217;\u00e1gua\u2019) e a <em>banana-da-terra<\/em> (\u2018pacova\u2019 ou \u2018banana-p\u00e3o\u2019). [Vulgarmente, usa-se tamb\u00e9m esta outra \u2018classifica\u00e7\u00e3o\u2019 para banana: <em>ouro<\/em>, <em>prata<\/em> e <em>terra<\/em>]\u2026<\/p>\n<p>&nbsp;<\/p>\n<p>3-] \u00a0Eis a sequ\u00eancia dos principais <em>\u2018Lugares\u2019<\/em> (Santu\u00e1rios-Apari\u00e7\u00f5es-T\u00edtulos-Invoca\u00e7\u00f5es\u2026) de<strong> \u2018NOSSA SENHORA\u2019 e M\u00c3E,<\/strong> <strong>Maria,<\/strong><em> \u2018visitados\u2019 nas nossas Reflex\u00f5es,<\/em> <u>at\u00e9 ao presente<\/u>:<\/p>\n<p><strong>&#8212;<\/strong>\u00a0 1. <u>F\u00c1TIMA<\/u> (Portugal). \/\/ 2. <u>GUADALUPE<\/u> (M\u00e9xico). \/\/ 3. <u>LURDES<\/u> (Fran\u00e7a). \/\/ 4. <u>APARECIDA<\/u> (Brasil). \/\/ 5. DE <u>KIBEHO<\/u> (Ruanda\/\u00c1frica). \/\/ 6. DE <u>AKITA<\/u> e <u>NAJU<\/u> (\u00c1sia). \/\/ 7. <u>AUXILIADORA<\/u> (Papu\u00e1sia\/Oce\u00e2nia). \/\/ 8. DO <u>CARMO<\/u> (Israel e Inglaterra). \/\/ 9. DAS <u>NEVES<\/u> (It\u00e1lia). \/\/ 10. DOS <u>POVOS<\/u> (Holanda). \/\/ 11. DAS <u>GRA\u00c7AS<\/u> (Fran\u00e7a). \/\/ 12. DE <u>CZESTOCHOWA<\/u> (Pol\u00f3nia). \/\/ 13. DE <u>COROMOTO<\/u> (Venezuela). \/\/ 14. DE <u>LIPA<\/u> (Filipinas). \/\/ 15. DA <u>CANDEL\u00c1RIA<\/u> (Espanha).<\/p>\n<p>&nbsp;<\/p>\n<p>\/\/\u00a0<em>PARA outras REFLEX\u00d5ES AFINS:<\/em> <a href=\"http:\/\/palavradeamorpalavra.sallep.net\">http:\/\/palavradeamorpalavra.sallep.net<\/a><\/p>\n","protected":false},"excerpt":{"rendered":"<p>\uf0c6 \u201cEle devia tornar-Se semelhante em tudo aos seus irm\u00e3os, para ser um sumo sacerdote misericordioso\u2026 De facto, porque Ele pr\u00f3prio foi provado pelo sofrimento, assim pode socorrer aqueles que sofrem prova\u00e7\u00e3o\u201d. [Hb 2,17-18 (2\u00aaL)]. \uf0c6 \u201cSime\u00e3o aben\u00e7oou-os e disse a Maria, sua M\u00e3e: \u00ab\u2026E este Menino foi estabelecido para que muitos caiam ou se [&hellip;]<\/p>\n","protected":false},"author":2,"featured_media":0,"comment_status":"open","ping_status":"open","sticky":false,"template":"","format":"standard","meta":{"footnotes":""},"categories":[6],"tags":[],"class_list":["post-5091","post","type-post","status-publish","format-standard","hentry","category-refletida","has-post-title","has-post-date","has-post-category","has-post-tag","has-post-comment","has-post-author",""],"builder_content":"","_links":{"self":[{"href":"https:\/\/palavradeamorpalavra.sallep.net\/index.php?rest_route=\/wp\/v2\/posts\/5091","targetHints":{"allow":["GET"]}}],"collection":[{"href":"https:\/\/palavradeamorpalavra.sallep.net\/index.php?rest_route=\/wp\/v2\/posts"}],"about":[{"href":"https:\/\/palavradeamorpalavra.sallep.net\/index.php?rest_route=\/wp\/v2\/types\/post"}],"author":[{"embeddable":true,"href":"https:\/\/palavradeamorpalavra.sallep.net\/index.php?rest_route=\/wp\/v2\/users\/2"}],"replies":[{"embeddable":true,"href":"https:\/\/palavradeamorpalavra.sallep.net\/index.php?rest_route=%2Fwp%2Fv2%2Fcomments&post=5091"}],"version-history":[{"count":1,"href":"https:\/\/palavradeamorpalavra.sallep.net\/index.php?rest_route=\/wp\/v2\/posts\/5091\/revisions"}],"predecessor-version":[{"id":5093,"href":"https:\/\/palavradeamorpalavra.sallep.net\/index.php?rest_route=\/wp\/v2\/posts\/5091\/revisions\/5093"}],"wp:attachment":[{"href":"https:\/\/palavradeamorpalavra.sallep.net\/index.php?rest_route=%2Fwp%2Fv2%2Fmedia&parent=5091"}],"wp:term":[{"taxonomy":"category","embeddable":true,"href":"https:\/\/palavradeamorpalavra.sallep.net\/index.php?rest_route=%2Fwp%2Fv2%2Fcategories&post=5091"},{"taxonomy":"post_tag","embeddable":true,"href":"https:\/\/palavradeamorpalavra.sallep.net\/index.php?rest_route=%2Fwp%2Fv2%2Ftags&post=5091"}],"curies":[{"name":"wp","href":"https:\/\/api.w.org\/{rel}","templated":true}]}}