{"id":5097,"date":"2021-02-05T20:28:03","date_gmt":"2021-02-05T20:28:03","guid":{"rendered":"http:\/\/palavradeamorpalavra.sallep.net\/?p=5097"},"modified":"2022-11-18T14:02:01","modified_gmt":"2022-11-18T14:02:01","slug":"nao-deixava-que-os-demonios-falassem-2","status":"publish","type":"post","link":"https:\/\/palavradeamorpalavra.sallep.net\/?p=5097","title":{"rendered":"\u00abN\u00e3o deixava que os dem\u00f3nios falassem&#8230;\u00bb"},"content":{"rendered":"<p><a href=\"http:\/\/palavradeamorpalavra.sallep.net\/wp-content\/uploads\/2021\/02\/28bb-Nao-deixava-que-os-demonios-falassem....jpg\"><img fetchpriority=\"high\" decoding=\"async\" class=\"aligncenter size-full wp-image-5098\" src=\"http:\/\/palavradeamorpalavra.sallep.net\/wp-content\/uploads\/2021\/02\/28bb-Nao-deixava-que-os-demonios-falassem....jpg\" alt=\"\" width=\"400\" height=\"328\" srcset=\"https:\/\/palavradeamorpalavra.sallep.net\/wp-content\/uploads\/2021\/02\/28bb-Nao-deixava-que-os-demonios-falassem....jpg 400w, https:\/\/palavradeamorpalavra.sallep.net\/wp-content\/uploads\/2021\/02\/28bb-Nao-deixava-que-os-demonios-falassem...-300x246.jpg 300w, https:\/\/palavradeamorpalavra.sallep.net\/wp-content\/uploads\/2021\/02\/28bb-Nao-deixava-que-os-demonios-falassem...-398x326.jpg 398w\" sizes=\"(max-width: 400px) 100vw, 400px\" \/><\/a><\/p>\n<p><strong>\u00a0\u2013\u00a0<em>A<\/em>\u00a0<em>PALAVRA, Refletida<\/em>\u00a0ao ritmo Lit\u00fargico \u2013<\/strong><\/p>\n<p><em>( Ciclo B \u2013 <\/em><em>Domingo 5 do T. Comum<\/em><em>)<\/em><em><strong>\u00a0<\/strong><\/em><\/p>\n<p><em><strong>\u00a0<\/strong><\/em><\/p>\n<p><em><strong>\u201c\u2026 E expulsou muitos dem\u00f3nios. Mas\u00a0<u>n\u00e3o deixava que os dem\u00f3nios falassem<\/u>, porque sabiam quem Ele era. De manh\u00e3, muito cedo\u2026 retirou-Se para um s\u00edtio ermo e a\u00ed come\u00e7ou a orar. Sim\u00e3o e os companheiros foram \u00e0 Sua procura e, quando O encontraram, disseram-Lhe: \u00abTodos Te procuram\u00bb. Ele respondeu-lhes: \u00abVamos a outros lugares, \u00e0s povoa\u00e7\u00f5es vizinhas, porque foi para isso que Eu vim\u2026\u00bb\u201d. (Mc 1,34-38 \/ 3\u00aa L.).<\/strong><\/em><\/p>\n<p>&nbsp;<\/p>\n<p>Estamos, como se v\u00ea, ainda no cap. 1 do Evangelho de Marcos\u2026 Jesus de Nazar\u00e9, depois de ter sido batizado por Jo\u00e3o Batista, e logo de ter passado aqueles\u00a0<em>\u201840 dias\u2019 no deserto,<\/em>\u00a0faz o chamamento dos primeiros\u00a0<em>disc\u00edpulos<\/em>\u00a0(ainda n\u00e3o tinha escolhido\u00a0<em>\u201cos doze\u201d ap\u00f3stolos<\/em>); e come\u00e7a o Seu\u00a0<em>minist\u00e9rio<\/em>, na Galileia, para levar \u00e0 frente\u00a0<em>a Miss\u00e3o<\/em>\u00a0que o Pai Lhe encomendara\u2026<\/p>\n<p>&nbsp;<\/p>\n<p>A \u2013 E come\u00e7am logo a aparecer os primeiros sintomas daquela profecia (30 anos atr\u00e1s) do anci\u00e3o Sime\u00e3o \u2013\u00a0<em>\u201cser\u00e1 um sinal de contradi\u00e7\u00e3o\u201d\u00a0<\/em>\u2013 j\u00e1 desde a primeira expuls\u00e3o dum\u00a0<em>\u2018dem\u00f3nio\u2019<\/em>\u00a0na sinagoga de Cafarnaum!<\/p>\n<p>B \u2013\u00a0<em>\u201cCala-te e sai desse homem\u201d<\/em>, tinha-lhe dito Jesus perante a censura desse dem\u00f3nio (<em>\u201cque tens a ver connosco, Jesus de Nazar\u00e9? Vieste para nos perder? Sei quem Tu \u00e9s: o Santo de Deus\u201d<\/em>).<\/p>\n<p>A \u2013 Realmente, os\u00a0<em>dem\u00f3nios<\/em>, ou\u00a0<em>esp\u00edritos malignos<\/em>, sabiam demais acerca de Jesus\u2026 Desde logo, intu\u00edam que Ele\u00a0<em>era Deus<\/em>, porque, de outro modo, n\u00e3o teria esse poder absoluto sobre eles. No entanto, n\u00f3s pod\u00edamos perguntar-nos: Porque n\u00e3o quer que digam acerca d\u2019Ele o que, afinal, era a verdade?\u2026<\/p>\n<p>B \u2013 Os\u00a0<em>estudiosos do tema b\u00edblico<\/em>\u00a0tentam explicar este proceder de Jesus, pelo facto de Ele n\u00e3o querer interferir com a vontade do Pai, adiantando a Sua <em>Revela\u00e7\u00e3o<\/em>, ainda menos vindo do Diabo!<\/p>\n<p>A \u2013 \u00c9 que, por outro lado, aparece uma outra proibi\u00e7\u00e3o de Jesus, em v\u00e1rias outras \u2018passagens\u2019 dos evangelhos, quando \u00e9\u00a0<em>a gente<\/em>\u00a0ou\u00a0<em>os disc\u00edpulos<\/em>\u00a0que pretendem \u201cpublicar\u201d que Ele \u00e9 \u201co Messias\u201d. Porqu\u00ea?<\/p>\n<p>B \u2013 Os dois modos de preceder v\u00e3o no mesmo sentido. Al\u00e9m de n\u00e3o adiantar aquela\u00a0<em>\u201chora que o Pai determinou na sua Sabedoria\u201d<\/em>, est\u00e1 \u2013 da parte dos disc\u00edpulos e das multid\u00f5es \u2013 o facto de ainda n\u00e3o estarem em condi\u00e7\u00f5es de\u00a0<em>entender o verdadeiro sentido<\/em>\u00a0do Seu \u201cMessianismo\u201d\u2026<\/p>\n<p>A \u2013 Trata-se, ent\u00e3o, daquela tradi\u00e7\u00e3o do Povo de Israel, que imaginava e esperava um Messias, Salvador, apenas e s\u00f3,\u00a0<em>\u201cguerreiro invenc\u00edvel em todas as batalhas\u201d<\/em>, que libertaria esse Povo de qualquer poder ou opress\u00e3o, tornando-o numa\u00a0<em>P\u00e1tria<\/em>\u00a0livre e soberana\u2026 Nada mais longe do Plano de Deus!<\/p>\n<p>B \u2013 E, como observamos tamb\u00e9m no nosso texto (<em>\u201cTodos Te procuram\u2026 [Mas] Vamos para outro lugar\u201d<\/em>), havia outras situa\u00e7\u00f5es em que a gente pretendia igualmente \u201climitar\u201d ou \u201cdesviar\u201d a Sua\u00a0<em>Miss\u00e3o universal<\/em> de Salva\u00e7\u00e3o. S\u00f3 por interesses materiais!? &#8230;<\/p>\n<p>&nbsp;<\/p>\n<p style=\"text-align: right;\"><u>A\/B<\/u>:\u00a0<strong>Senhor Jesus, n\u00e3o somos n\u00f3s mais ou melhores \u2013 quando Te rezamos \u2013<\/strong><\/p>\n<p style=\"text-align: right;\"><strong>do que aqueles irm\u00e3os nossos que Te\u00a0<\/strong><em><strong>procuravam<\/strong><\/em><strong>\u00a0porque os\u00a0<\/strong><em><strong>\u201ccuravas de todos os males\u201d<\/strong><\/em><strong>\u2026<\/strong><\/p>\n<p style=\"text-align: right;\"><strong>Quantas vezes \u00e9 interesseira a nossa ora\u00e7\u00e3o! Quantas, visa s\u00f3 a gan\u00e2ncia material!\u2026<\/strong><\/p>\n<p style=\"text-align: right;\"><strong>Por\u00e9m, esquecemos os\u00a0<\/strong><em><strong>bens do esp\u00edrito<\/strong><\/em><strong>\u00a0que s\u00e3o os mais importantes e necess\u00e1rios,<\/strong><\/p>\n<p style=\"text-align: right;\"><strong>para que ningu\u00e9m nos\u00a0<\/strong><em><strong>afaste<\/strong><\/em><strong>\u00a0da\u00a0<\/strong><em><strong>voca\u00e7\u00e3o<\/strong><\/em><strong>\u00a0que o Pai sonhou para n\u00f3s\u2026<\/strong><\/p>\n<p style=\"text-align: right;\"><strong>Jesus de Nazar\u00e9, que dominas todos os\u00a0<\/strong><em><strong>\u2018esp\u00edritos malignos\u2019<\/strong><\/em><strong>\u00a0de hoje e de sempre,<\/strong><\/p>\n<p style=\"text-align: right;\"><strong>que nada nos\u00a0<\/strong><em><strong>desvie<\/strong><\/em><strong>\u00a0desse Caminho que o Pai tra\u00e7ou para Ti e para n\u00f3s!\u2026\u00a0<\/strong><\/p>\n<p><strong>\u00a0<\/strong><\/p>\n<p>\/\/\u00a0<em>PARA outras REFLEX\u00d5ES AFINS:<\/em> <a href=\"http:\/\/palavradeamorpalavra.sallep.net\">http:\/\/palavradeamorpalavra.sallep.net<\/a><\/p>\n","protected":false},"excerpt":{"rendered":"<p>\u00a0\u2013\u00a0A\u00a0PALAVRA, Refletida\u00a0ao ritmo Lit\u00fargico \u2013 ( Ciclo B \u2013 Domingo 5 do T. Comum)\u00a0 \u00a0 \u201c\u2026 E expulsou muitos dem\u00f3nios. Mas\u00a0n\u00e3o deixava que os dem\u00f3nios falassem, porque sabiam quem Ele era. De manh\u00e3, muito cedo\u2026 retirou-Se para um s\u00edtio ermo e a\u00ed come\u00e7ou a orar. Sim\u00e3o e os companheiros foram \u00e0 Sua procura e, quando [&hellip;]<\/p>\n","protected":false},"author":2,"featured_media":0,"comment_status":"open","ping_status":"open","sticky":false,"template":"","format":"standard","meta":{"footnotes":""},"categories":[6],"tags":[],"class_list":["post-5097","post","type-post","status-publish","format-standard","hentry","category-refletida","has-post-title","has-post-date","has-post-category","has-post-tag","has-post-comment","has-post-author",""],"builder_content":"","_links":{"self":[{"href":"https:\/\/palavradeamorpalavra.sallep.net\/index.php?rest_route=\/wp\/v2\/posts\/5097","targetHints":{"allow":["GET"]}}],"collection":[{"href":"https:\/\/palavradeamorpalavra.sallep.net\/index.php?rest_route=\/wp\/v2\/posts"}],"about":[{"href":"https:\/\/palavradeamorpalavra.sallep.net\/index.php?rest_route=\/wp\/v2\/types\/post"}],"author":[{"embeddable":true,"href":"https:\/\/palavradeamorpalavra.sallep.net\/index.php?rest_route=\/wp\/v2\/users\/2"}],"replies":[{"embeddable":true,"href":"https:\/\/palavradeamorpalavra.sallep.net\/index.php?rest_route=%2Fwp%2Fv2%2Fcomments&post=5097"}],"version-history":[{"count":2,"href":"https:\/\/palavradeamorpalavra.sallep.net\/index.php?rest_route=\/wp\/v2\/posts\/5097\/revisions"}],"predecessor-version":[{"id":5100,"href":"https:\/\/palavradeamorpalavra.sallep.net\/index.php?rest_route=\/wp\/v2\/posts\/5097\/revisions\/5100"}],"wp:attachment":[{"href":"https:\/\/palavradeamorpalavra.sallep.net\/index.php?rest_route=%2Fwp%2Fv2%2Fmedia&parent=5097"}],"wp:term":[{"taxonomy":"category","embeddable":true,"href":"https:\/\/palavradeamorpalavra.sallep.net\/index.php?rest_route=%2Fwp%2Fv2%2Fcategories&post=5097"},{"taxonomy":"post_tag","embeddable":true,"href":"https:\/\/palavradeamorpalavra.sallep.net\/index.php?rest_route=%2Fwp%2Fv2%2Ftags&post=5097"}],"curies":[{"name":"wp","href":"https:\/\/api.w.org\/{rel}","templated":true}]}}