{"id":5102,"date":"2021-02-05T20:38:21","date_gmt":"2021-02-05T20:38:21","guid":{"rendered":"http:\/\/palavradeamorpalavra.sallep.net\/?p=5102"},"modified":"2022-11-17T12:01:06","modified_gmt":"2022-11-17T12:01:06","slug":"a-vida-do-homem-sobre-a-terra-nao-e-uma-luta","status":"publish","type":"post","link":"https:\/\/palavradeamorpalavra.sallep.net\/?p=5102","title":{"rendered":"\u00abA vida do homem sobre a terra, n\u00e3o \u00e9 uma luta?\u00bb"},"content":{"rendered":"<p><a href=\"http:\/\/palavradeamorpalavra.sallep.net\/wp-content\/uploads\/2021\/02\/28bbb-A-vida-do-homem-sobre-a-terra...-e-uma-luta.png\"><img fetchpriority=\"high\" decoding=\"async\" class=\"aligncenter size-full wp-image-5096\" src=\"http:\/\/palavradeamorpalavra.sallep.net\/wp-content\/uploads\/2021\/02\/28bbb-A-vida-do-homem-sobre-a-terra...-e-uma-luta.png\" alt=\"\" width=\"3514\" height=\"5325\" srcset=\"https:\/\/palavradeamorpalavra.sallep.net\/wp-content\/uploads\/2021\/02\/28bbb-A-vida-do-homem-sobre-a-terra...-e-uma-luta.png 3514w, https:\/\/palavradeamorpalavra.sallep.net\/wp-content\/uploads\/2021\/02\/28bbb-A-vida-do-homem-sobre-a-terra...-e-uma-luta-198x300.png 198w, https:\/\/palavradeamorpalavra.sallep.net\/wp-content\/uploads\/2021\/02\/28bbb-A-vida-do-homem-sobre-a-terra...-e-uma-luta-676x1024.png 676w, https:\/\/palavradeamorpalavra.sallep.net\/wp-content\/uploads\/2021\/02\/28bbb-A-vida-do-homem-sobre-a-terra...-e-uma-luta-768x1164.png 768w, https:\/\/palavradeamorpalavra.sallep.net\/wp-content\/uploads\/2021\/02\/28bbb-A-vida-do-homem-sobre-a-terra...-e-uma-luta-1014x1536.png 1014w, https:\/\/palavradeamorpalavra.sallep.net\/wp-content\/uploads\/2021\/02\/28bbb-A-vida-do-homem-sobre-a-terra...-e-uma-luta-1351x2048.png 1351w, https:\/\/palavradeamorpalavra.sallep.net\/wp-content\/uploads\/2021\/02\/28bbb-A-vida-do-homem-sobre-a-terra...-e-uma-luta-676x1024-398x603.png 398w\" sizes=\"(max-width: 3514px) 100vw, 3514px\" \/><\/a><\/p>\n<p><strong>\uf0c6<\/strong> <strong><em>\u201cJob tomou a palavra e disse: \u00ab<u>A vida do homem sobre a terra, n\u00e3o \u00e9 uma luta?<\/u>&#8230; <\/em><\/strong><strong><em>Couberam-me em sorte noites de amargura\u2026 Recordai-Vos (Senhor) que a minha vida n\u00e3o passa de um sopro e que os meus olhos n\u00e3o ver\u00e3o a felicidade\u2026\u00bb\u201d<\/em><\/strong><strong><em>.<\/em><\/strong> [Jb 7,1.3.7 (1\u00aaL)].<\/p>\n<p><strong>\uf0c6<\/strong> <strong><em>\u201c\u2026E a cidade inteira ficou reunida diante da porta\u2026 Jesus <u>curou muitas pessoas, atormentadas por <\/u><\/em><\/strong><strong><em><u>toda a esp\u00e9cie de males<\/u><\/em><\/strong><strong><em>, e expulsou muitos dem\u00f3nios<\/em><\/strong><strong><em>\u201d. <\/em><\/strong>[Mc 1,33-34 (3\u00aaL)].<\/p>\n<p>&#8212;&#8212;&#8212;&#8212;&#8212;&#8212;<\/p>\n<p>Envolvidos e penetrados \u2013 como situa\u00e7\u00e3o normal \u2013 por toda a classe de \u2018males\u2019 (e n\u00e3o apenas por esta \u2018pandemia\u2019 atual e as sus sequelas), os seres humanos temos a tend\u00eancia (\u2018tenta\u00e7\u00e3o\u2019) de <em>\u2018nos lamentar\u2019<\/em>, <em>como Job<\/em> pela sua situa\u00e7\u00e3o lastim\u00e1vel\u2026 \u00c9 verdade \u2013 e compreens\u00edvel \u2013 que nos assalte alguma tenta\u00e7\u00e3o de <em>desespero<\/em> ou, at\u00e9 de \u201cdesesperan\u00e7a\u201d, j\u00e1 que esses males (\u2018estragos\u2019) n\u00e3o os vemos s\u00f3 em n\u00f3s, mas tamb\u00e9m por toda a parte\u2026 Por\u00e9m, se refletirmos com aten\u00e7\u00e3o no \u2018relato inspirado\u2019 deste <em>Livro de Job<\/em>, o protagonista pode passar, e passa, por <em>sentimentos de \u2018desespero\u2019<\/em>, mas, no fundo do seu ser, mant\u00e9m sempre a <em>esperan\u00e7a<\/em>. Quer dizer, ele nunca se deixa levar pela <em>desesperan\u00e7a<\/em> (que n\u00e3o se deve confundir com <em>desespero<\/em>, embora algum dicion\u00e1rio possa apresent\u00e1-los como sin\u00f3nimos). A <em>Esperan\u00e7a<\/em>, como sabemos, \u00e9 uma das tr\u00eas <em>\u00abvirtudes teologais\u00bb<\/em>, o que significa que a <em>desesperan\u00e7a<\/em> \u2013 contr\u00e1ria a essa <em>virtude<\/em> \u2013 seria mais <em>grave<\/em> e <em>temer\u00e1ria!<\/em>&#8230; Que fazer, apesar de tudo, para nunca desistirmos ou para n\u00e3o sermos vencidos, nesta <em>\u201cluta que \u00e9 a vida do homem sobre esta terra\u201d<\/em>, e que nos lembra o pr\u00f3prio Job!?&#8230; Bem, a resposta encontramo-la na mesma hist\u00f3ria desta <em>figura b\u00edblica<\/em>, j\u00e1 que, a fim de contas, Job est\u00e1 <em>convicto<\/em> de ter <em>um Salvador:<\/em> <em>\u201cEu sei que o meu redentor vive, e prevalecer\u00e1\u2026 E eu, na minha pr\u00f3pria carne, verei a Deus\u201d<\/em> <em>(Jb 19,<\/em><em>25<\/em><em>)<\/em>. E, apesar desta \u201cclarivid\u00eancia\u201d, ele \u201cvivia\u201d ainda na \u201cantiga alian\u00e7a\u201d. Quem h\u00e1 de temer \u2013 <em>vivendo<\/em> j\u00e1 na <em>Nova Alian\u00e7a<\/em> \u2013 o <em>Mal<\/em> e todos os <em>males<\/em> que nos possam <em>envolver<\/em> nesta vida terreal?&#8230; \u00c9 que n\u00f3s, <em>os viventes<\/em> desta Alian\u00e7a Nova, j\u00e1 sabemos quem \u00e9 e que classe de Salvador \u00e9 Aquele em que \u201csonhava\u201d Job, e que para ele j\u00e1 <em>\u201cestava vivo\u201d<\/em>\u2026 N\u00f3s sabemos j\u00e1 \u2013 ou dever\u00edamos saber \u2013 que o nosso Salvador, que j\u00e1 o era na <em>Antiga Alian\u00e7a<\/em> de Job, \u00e9 o mesmo Filho de Deus, Cristo Jesus de Nazar\u00e9, capaz de <em>\u201celiminar toda a esp\u00e9cie de males, e de expulsar toda o g\u00e9nero de dem\u00f3nios\u201d<\/em> <em>(Mc 1,<\/em><em>34<\/em><em>), <\/em>sejam eles deste mundo ou de qualquer outro!&#8230; Enfim, \u00e9 para questionar-nos: Quem de n\u00f3s poderia n\u00e3o querer <em>aceitar e viver<\/em> esta <em>realidade de Salva\u00e7\u00e3o!? <\/em>&#8230;<\/p>\n<p><strong>\u00ab<\/strong><strong>\u00a0 <\/strong>E na verdade, n\u00f3s, M\u00e3e, al\u00e9m do \u00abSalvador\u00bb (e por se isso n\u00e3o bastasse), temos tamb\u00e9m em Ti, a \u00abM\u00e3e do Salvador\u00bb. Ent\u00e3o, hoje, acudimos a Ti, que muitas vezes nos \u201cvisitaste\u201d para nos lembrar que continuas a ser sempre, para n\u00f3s todos, a <em>Advogada <\/em>e<em> Medianeira<\/em> perante o Salvador\u2026 Nesta ocasi\u00e3o, como <strong><u>Nossa Senhora de Lipa<\/u><\/strong>, vens lembrar-nos que o teu nome \u00e9 <em>\u2018<strong>Maria, Medianeira de todas as Gra\u00e7as\u2019<\/strong><\/em>. Por isso, M\u00e3e, nisto das \u00abmedia\u00e7\u00f5es\u00bb, j\u00e1 n\u00e3o podemos queixar-nos\u2026 Ora, isso sim, falta-nos a fidelidade ao imitar-Te e a docilidade para aceitarmos as tuas <em>mensagens<\/em>, que n\u00e3o podem ser sen\u00e3o reflexos e especifica\u00e7\u00f5es da grande <em>Mensagem<\/em> de Jesus, no Seu Evangelho: a Boa Nova da Salva\u00e7\u00e3o! Ent\u00e3o, pela devo\u00e7\u00e3o ao teu <em>Imaculado Cora\u00e7\u00e3o<\/em> e pelos nossos sacrif\u00edcios e cruzes, lutaremos por conseguir a <em>convers\u00e3o<\/em> dos pecadores e a <em>salva\u00e7\u00e3o<\/em> de todos&#8230; Cientes de que a <em>verdadeira convers\u00e3o<\/em> \u00e9 a melhor <em>metamorfose<\/em> humana!<\/p>\n<p><u>NOTAS<\/u> COMPLEMENTARES:<\/p>\n<p>1-]\u00a0 Nossa <u>Senhora de <\/u><u>Lipa<\/u> (Filipinas). Nos anos 1948-49, tr\u00eas anos ap\u00f3s o fim da \u201c2\u00aa guerra mundial\u201d, Nossa Senhora se manifestou v\u00e1rias vezes \u00e0 vidente, <em>Irm\u00e3 Teresita Castillo<\/em>, ainda novi\u00e7a carmelita\u2026 As Filipinas, pa\u00eds integrado por mais de sete mil ilhas e ilh\u00e9us, achava-se, naqueles anos, a sofrer as tr\u00e1gicas consequ\u00eancias dessa terr\u00edvel guerra mundial\u2026 Era de esperar que as mensagens que Nossa Senhora manifestou a esta vidente, viessem na sequ\u00eancia das que Ela mesma tinha transmitido nas apari\u00e7\u00f5es de F\u00e1tima (1917) aos tr\u00eas pastorinhos (\u2018prevendo\u2019, at\u00e9, essa \u00ab2\u00aa guerra\u00bb ainda no s\u00e9c. XX). E, agora, vinha como que a refor\u00e7ar aquelas primeiras mensagens (s\u00f3 30 anos depois). N\u00e3o admira que as palavras de Maria comecem precisamente assim: <em>\u00abO que pe\u00e7o aqui \u00e9 exatamente o que pedi em F\u00e1tima. Dir\u00e1s isso ao povo\u00bb<\/em>. E o resumo das mensagens (1948) \u00e9 este: \u00abEspalhar a devo\u00e7\u00e3o e o sentido do <em>Ros\u00e1rio<\/em>, rezado piedosamente, como instrumento para <em>a paz no mundo<\/em>; propagar a devo\u00e7\u00e3o ao <em>Meu Imaculado Cora\u00e7\u00e3o<\/em>; fazer <em>penit\u00eancia pelos pecadores<\/em>; rezar e sacrificar-se pelos <em>sacerdotes e consagrados<\/em>. Mas <em>n\u00e3o tenhais medo<\/em>, porque o <em>Amor do Meu Filho<\/em> <em>Jesus<\/em> \u00e9 capaz de amolecer os cora\u00e7\u00f5es mais duros\u00bb\u2026<\/p>\n<p>2-] \u00a0<u>Mangueira<\/u> (<strong><em>Mangifera indica<\/em><\/strong>). Ou <em>mango<\/em>, \u00e1rvore <em>nativa<\/em> do sul e sudeste asi\u00e1tico, desde o leste da <em>\u00cdndia<\/em> at\u00e9 as <em>Filipinas<\/em>, foi introduzida com sucesso no Brasil, Angola, Mo\u00e7ambique, Portugal, Espanha\u2026 \u00c9 uma das <em>\u00e1rvores frut\u00edferas<\/em> com mais <em>variedades<\/em> \u2013 mais de 100! \u2013 cultivadas em muitos pa\u00edses de zonas tropicais e subtropicais, mas n\u00e3o s\u00f3\u2026 O seu\u00a0 fruto, <em>a <strong>manga<\/strong><\/em> (nas suas diversas e \u2018coloridas\u2019 <em>variedades<\/em>) tem <em>propriedades nutricionais<\/em> perfeitamente <em>equilibradas<\/em> nos seus constituintes: <em>carboidratos, prote\u00ednas, l\u00edpidos, vitaminas<\/em> e <em>minerais<\/em>. \u2026<\/p>\n<p>3-] \u00a0Sequ\u00eancia dos principais <em>\u2018Lugares\u2019<\/em> (Santu\u00e1rios-Apari\u00e7\u00f5es-T\u00edtulos-Invoca\u00e7\u00f5es\u2026) de<strong> \u2018NOSSA SENHORA\u2019 e M\u00c3E,<\/strong> <strong>Maria,<\/strong><em> \u2018visitados\u2019 nas nossas Reflex\u00f5es,<\/em> <u>at\u00e9 ao presente<\/u>:<\/p>\n<p><strong>&#8212;<\/strong>\u00a0 1. <u>F\u00c1TIMA<\/u> (Portugal). \/\/ 2. <u>GUADALUPE<\/u> (M\u00e9xico). \/\/ 3. <u>LURDES<\/u> (Fran\u00e7a). \/\/ 4. <u>APARECIDA<\/u> (Brasil). \/\/ 5. DE <u>KIBEHO<\/u> (Ruanda\/\u00c1frica). \/\/ 6. DE <u>AKITA<\/u> e <u>NAJU<\/u> (\u00c1sia). \/\/ 7. <u>AUXILIADORA<\/u> (Papu\u00e1sia\/Oce\u00e2nia). \/\/ 8. DO <u>CARMO<\/u> (Israel e Inglaterra). \/\/ 9. DAS <u>NEVES<\/u> (It\u00e1lia). \/\/ 10. DOS <u>POVOS<\/u> (Holanda). \/\/ 11. DAS <u>GRA\u00c7AS<\/u> (Fran\u00e7a). \/\/ 12. DE <u>CZESTOCHOWA<\/u> (Pol\u00f3nia). \/\/ 13. DE <u>COROMOTO<\/u> (Venezuela). \/\/ 14. DE <u>LIPA<\/u> (Filipinas).<\/p>\n<p>&nbsp;<\/p>\n<p>\/\/\u00a0<em>PARA outras REFLEX\u00d5ES AFINS:<\/em> <a href=\"http:\/\/palavradeamorpalavra.sallep.net\">http:\/\/palavradeamorpalavra.sallep.net<\/a><\/p>\n","protected":false},"excerpt":{"rendered":"<p>\uf0c6 \u201cJob tomou a palavra e disse: \u00abA vida do homem sobre a terra, n\u00e3o \u00e9 uma luta?&#8230; Couberam-me em sorte noites de amargura\u2026 Recordai-Vos (Senhor) que a minha vida n\u00e3o passa de um sopro e que os meus olhos n\u00e3o ver\u00e3o a felicidade\u2026\u00bb\u201d. [Jb 7,1.3.7 (1\u00aaL)]. \uf0c6 \u201c\u2026E a cidade inteira ficou reunida diante [&hellip;]<\/p>\n","protected":false},"author":2,"featured_media":0,"comment_status":"open","ping_status":"open","sticky":false,"template":"","format":"standard","meta":{"footnotes":""},"categories":[6],"tags":[],"class_list":["post-5102","post","type-post","status-publish","format-standard","hentry","category-refletida","has-post-title","has-post-date","has-post-category","has-post-tag","has-post-comment","has-post-author",""],"builder_content":"","_links":{"self":[{"href":"https:\/\/palavradeamorpalavra.sallep.net\/index.php?rest_route=\/wp\/v2\/posts\/5102","targetHints":{"allow":["GET"]}}],"collection":[{"href":"https:\/\/palavradeamorpalavra.sallep.net\/index.php?rest_route=\/wp\/v2\/posts"}],"about":[{"href":"https:\/\/palavradeamorpalavra.sallep.net\/index.php?rest_route=\/wp\/v2\/types\/post"}],"author":[{"embeddable":true,"href":"https:\/\/palavradeamorpalavra.sallep.net\/index.php?rest_route=\/wp\/v2\/users\/2"}],"replies":[{"embeddable":true,"href":"https:\/\/palavradeamorpalavra.sallep.net\/index.php?rest_route=%2Fwp%2Fv2%2Fcomments&post=5102"}],"version-history":[{"count":4,"href":"https:\/\/palavradeamorpalavra.sallep.net\/index.php?rest_route=\/wp\/v2\/posts\/5102\/revisions"}],"predecessor-version":[{"id":5107,"href":"https:\/\/palavradeamorpalavra.sallep.net\/index.php?rest_route=\/wp\/v2\/posts\/5102\/revisions\/5107"}],"wp:attachment":[{"href":"https:\/\/palavradeamorpalavra.sallep.net\/index.php?rest_route=%2Fwp%2Fv2%2Fmedia&parent=5102"}],"wp:term":[{"taxonomy":"category","embeddable":true,"href":"https:\/\/palavradeamorpalavra.sallep.net\/index.php?rest_route=%2Fwp%2Fv2%2Fcategories&post=5102"},{"taxonomy":"post_tag","embeddable":true,"href":"https:\/\/palavradeamorpalavra.sallep.net\/index.php?rest_route=%2Fwp%2Fv2%2Ftags&post=5102"}],"curies":[{"name":"wp","href":"https:\/\/api.w.org\/{rel}","templated":true}]}}