{"id":5108,"date":"2021-02-12T21:32:27","date_gmt":"2021-02-12T21:32:27","guid":{"rendered":"http:\/\/palavradeamorpalavra.sallep.net\/?p=5108"},"modified":"2022-11-17T06:17:55","modified_gmt":"2022-11-17T06:17:55","slug":"sede-meus-imitadores-como-eu-o-sou-de-cristo-2","status":"publish","type":"post","link":"https:\/\/palavradeamorpalavra.sallep.net\/?p=5108","title":{"rendered":"\u00abSede meus imitadores, como eu o sou de Cristo\u00bb"},"content":{"rendered":"<p><a href=\"http:\/\/palavradeamorpalavra.sallep.net\/wp-content\/uploads\/2021\/02\/29bb-Sede-meus-imitadores-como-eu-o-sou-de-Cristo.jpg\"><img fetchpriority=\"high\" decoding=\"async\" class=\"aligncenter size-full wp-image-5110\" src=\"http:\/\/palavradeamorpalavra.sallep.net\/wp-content\/uploads\/2021\/02\/29bb-Sede-meus-imitadores-como-eu-o-sou-de-Cristo.jpg\" alt=\"\" width=\"1200\" height=\"1600\" srcset=\"https:\/\/palavradeamorpalavra.sallep.net\/wp-content\/uploads\/2021\/02\/29bb-Sede-meus-imitadores-como-eu-o-sou-de-Cristo.jpg 1200w, https:\/\/palavradeamorpalavra.sallep.net\/wp-content\/uploads\/2021\/02\/29bb-Sede-meus-imitadores-como-eu-o-sou-de-Cristo-225x300.jpg 225w, https:\/\/palavradeamorpalavra.sallep.net\/wp-content\/uploads\/2021\/02\/29bb-Sede-meus-imitadores-como-eu-o-sou-de-Cristo-768x1024.jpg 768w, https:\/\/palavradeamorpalavra.sallep.net\/wp-content\/uploads\/2021\/02\/29bb-Sede-meus-imitadores-como-eu-o-sou-de-Cristo-1152x1536.jpg 1152w, https:\/\/palavradeamorpalavra.sallep.net\/wp-content\/uploads\/2021\/02\/29bb-Sede-meus-imitadores-como-eu-o-sou-de-Cristo-768x1024-398x530.jpg 398w\" sizes=\"(max-width: 1200px) 100vw, 1200px\" \/><\/a><\/p>\n<p><strong>\u00a0\u2013\u00a0<em>A<\/em>\u00a0<em>PALAVRA, Refletida<\/em>\u00a0ao ritmo Lit\u00fargico \u2013<\/strong><\/p>\n<p><em>( Ciclo B \u2013 <\/em><em>Domingo 6 do T. Comum<\/em><em>)<\/em><em><strong>\u00a0<\/strong><\/em><\/p>\n<p><em><strong>\u00a0<\/strong><\/em><\/p>\n<p><em><strong>\u201c\u2026Quer comais, quer bebais, ou fa\u00e7ais qualquer outra coisa, irm\u00e3os, fazei tudo para gl\u00f3ria de Deus\u2026 Fazei como eu, que em tudo procuro agradar a toda a gente, n\u00e3o buscando o pr\u00f3prio interesse, mas o de todos, para que possam salvar-se.\u00a0<u>Sede meus imitadores, como eu o sou de Cristo<\/u>\u201d. (1Cor 10,31.33 e 11,1 \/ 2\u00aa L.).<\/strong><\/em><\/p>\n<p>&nbsp;<\/p>\n<p>Nesta parte da 1\u00aa carta aos cor\u00edntios (cc. 9-10), Paulo \u2013\u00a0<em>\u201ccom a liberdade que lhe d\u00e1 o Evangelho de Cristo\u201d<\/em>\u00a0\u2013\u00a0<em>p\u00f5e-se como exemplo para todos<\/em>, uma vez que ele segue em tudo\u00a0<em>o exemplo de Cristo Jesus<\/em>. E a sua tese \u00e9 esta: \u00ab\u2018Fazer, ou deixar de fazer\u2019, para o bem de todos\u00bb. Tamb\u00e9m para o bem dele pr\u00f3prio, evidentemente. Ao tratar v\u00e1rios temas fundamentais e graves (nesta Carta, globalmente considerada) as solu\u00e7\u00f5es e propostas que vai dando a quest\u00f5es concretas, est\u00e3o marcadas, evidentemente, pelos condicionalismos culturais de ent\u00e3o e pelo presente concreto da vida\u2026 Mas fiquemos com o nosso texto.<\/p>\n<p>&nbsp;<\/p>\n<p>A \u2013 Desde logo, come\u00e7a por exortar todos a\u00a0<em>\u201ctudo fazerem para gl\u00f3ria de Deus\u201d<\/em>; e muitas vezes acrescentar\u00e1 o refr\u00e3o\u00a0<em>\u201cem Cristo Jesus Senhor nosso\u201d<\/em>, como convic\u00e7\u00e3o e viv\u00eancia pessoal!<\/p>\n<p>B \u2013 \u00c9 que, na verdade, tudo o bem<em>\u00a0que fizermos<\/em>\u00a0<em>pelos outros<\/em>\u00a0ter\u00e1 sentido se referido ao\u00a0<em>Bem e Gl\u00f3ria de Deus<\/em>\u2026 E vice-versa, pois <em>\u201ca Gl\u00f3ria de Deus \u00e9 o bem e a salva\u00e7\u00e3o de todos\u201d<\/em>.<\/p>\n<p>A \u2013 H\u00e1 que come\u00e7ar por evitar, no sentir de Paulo, todo aquilo que possa \u201cescandalizar\u201d algu\u00e9m (sejam eles\u00a0<em>\u201cjudeus, gregos ou a Igreja de Deus\u201d<\/em>). Mas, pergunto eu, ser\u00e1 que existem condutas boas ou comportamentos positivos que podem causar esc\u00e2ndalo a determinada gente simples?<\/p>\n<p>B \u2013 Sabemos \u2013 e Paulo di-lo noutras\u00a0<em>passagens<\/em>\u00a0dos seus escritos \u2013 que por vezes aparecem situa\u00e7\u00f5es em que, agindo n\u00f3s de boa vontade, ou \u2018de boa f\u00e9\u2019, podemos induzir outros a erro; e, nesse caso \u2013 ap\u00f3s um discernimento conveniente \u2013 deveremos evitar essa conduta, \u2018mesmo n\u00e3o sendo nociva em si\u2019\u2026<\/p>\n<p>A \u2013 E tanto para o que devemos\u00a0<em>evitar<\/em>\u00a0quanto, sobretudo, para o que devemos\u00a0<em>fazer<\/em>, o mesmo Paulo, \u2013 tamb\u00e9m pela confian\u00e7a m\u00fatua que sabe existir entre ele e os seus <em>fi\u00e9is de Corinto<\/em> \u2013 ousa colocar-se como modelo e exemplo, nestas quest\u00f5es, quando diz:\u00a0<em>\u201cFazei como eu\u201d<\/em>\u2026<\/p>\n<p>B \u2013 E a seguir, o que diz que est\u00e1 a fazer \u00e9\u00a0<em>\u201cprocurar agradar a toda a gente, n\u00e3o buscando o pr\u00f3prio interesse, mas o de todos, para que possam salvar-se\u201d.<\/em><\/p>\n<p>A \u2013 S\u00f3 que \u00e9 preciso compreender bem isto. Se n\u00e3o, alguns podem interpretar o de\u00a0<em>\u201cagradar a toda a gente\u201d<\/em>\u00a0como uma esp\u00e9cie de\u00a0<em>toler\u00e2ncia m\u00e1xima<\/em>\u00a0que tudo permite\u00a0<em>para n\u00e3o criar problemas<\/em>\u2026<\/p>\n<p>B \u2013 Por\u00e9m, o de \u2018n\u00e3o criar problemas\u2019 \u00e9 s\u00f3 aparente. J\u00e1 que, com essa\u00a0<em>atitude tolerante<\/em>, cega e indiscriminada, apenas se consegue\u00a0<em>adiar os problemas<\/em>\u00a0que, mais tarde, ser\u00e3o grav\u00edssimos (!?).<\/p>\n<p>A \u2013 Ent\u00e3o, a chave para entender a primeira parte express\u00e3o de Paulo, est\u00e1 no\u00a0<em>porqu\u00ea<\/em>\u00a0e no\u00a0<em>como,<\/em>\u00a0da segunda parte:\u00a0<em>\u201cn\u00e3o buscando o pr\u00f3prio interesse, mas o de todos, para que possam salvar-se\u201d<\/em>.<\/p>\n<p>&nbsp;<\/p>\n<p><u>A\/B<\/u>:\u00a0<strong>Se o Teu disc\u00edpulo Paulo nos pede para <em>o\u00a0<\/em><\/strong><em><strong>imitarmos porque ele \u00e9 Teu imitador<\/strong><\/em><strong>,<\/strong><\/p>\n<p><strong>ent\u00e3o, n\u00f3s queremos, Jesus, formar parte dessa \u00abcomunidade de imitadores\u00bb,<\/strong><\/p>\n<p><strong>que tomam por\u00a0<\/strong><em><strong>modelos<\/strong><\/em><strong>\u00a0aqueles que, sendo mais pr\u00f3ximos, imitam o Teu exemplo\u2026<\/strong><\/p>\n<p><strong>Ser\u00e1 que n\u00f3s tamb\u00e9m, vamos conseguir\u00a0<\/strong><em><strong>ser exemplo<\/strong><\/em><strong>\u00a0para outros, at\u00e9 ao ponto de<\/strong><\/p>\n<p><strong>podermos dizer: <\/strong><em><strong>\u201cSede meus imitadores, como eu o sou de Cristo\u201d<\/strong><\/em><strong>?<\/strong><\/p>\n<p><strong>\u00a0<\/strong><\/p>\n<p>\/\/\u00a0<em>PARA outras REFLEX\u00d5ES AFINS:<\/em> <a href=\"http:\/\/palavradeamorpalavra.sallep.net\">http:\/\/palavradeamorpalavra.sallep.net<\/a><\/p>\n","protected":false},"excerpt":{"rendered":"<p>\u00a0\u2013\u00a0A\u00a0PALAVRA, Refletida\u00a0ao ritmo Lit\u00fargico \u2013 ( Ciclo B \u2013 Domingo 6 do T. Comum)\u00a0 \u00a0 \u201c\u2026Quer comais, quer bebais, ou fa\u00e7ais qualquer outra coisa, irm\u00e3os, fazei tudo para gl\u00f3ria de Deus\u2026 Fazei como eu, que em tudo procuro agradar a toda a gente, n\u00e3o buscando o pr\u00f3prio interesse, mas o de todos, para que possam [&hellip;]<\/p>\n","protected":false},"author":2,"featured_media":0,"comment_status":"open","ping_status":"open","sticky":false,"template":"","format":"standard","meta":{"footnotes":""},"categories":[6],"tags":[],"class_list":["post-5108","post","type-post","status-publish","format-standard","hentry","category-refletida","has-post-title","has-post-date","has-post-category","has-post-tag","has-post-comment","has-post-author",""],"builder_content":"","_links":{"self":[{"href":"https:\/\/palavradeamorpalavra.sallep.net\/index.php?rest_route=\/wp\/v2\/posts\/5108","targetHints":{"allow":["GET"]}}],"collection":[{"href":"https:\/\/palavradeamorpalavra.sallep.net\/index.php?rest_route=\/wp\/v2\/posts"}],"about":[{"href":"https:\/\/palavradeamorpalavra.sallep.net\/index.php?rest_route=\/wp\/v2\/types\/post"}],"author":[{"embeddable":true,"href":"https:\/\/palavradeamorpalavra.sallep.net\/index.php?rest_route=\/wp\/v2\/users\/2"}],"replies":[{"embeddable":true,"href":"https:\/\/palavradeamorpalavra.sallep.net\/index.php?rest_route=%2Fwp%2Fv2%2Fcomments&post=5108"}],"version-history":[{"count":3,"href":"https:\/\/palavradeamorpalavra.sallep.net\/index.php?rest_route=\/wp\/v2\/posts\/5108\/revisions"}],"predecessor-version":[{"id":5113,"href":"https:\/\/palavradeamorpalavra.sallep.net\/index.php?rest_route=\/wp\/v2\/posts\/5108\/revisions\/5113"}],"wp:attachment":[{"href":"https:\/\/palavradeamorpalavra.sallep.net\/index.php?rest_route=%2Fwp%2Fv2%2Fmedia&parent=5108"}],"wp:term":[{"taxonomy":"category","embeddable":true,"href":"https:\/\/palavradeamorpalavra.sallep.net\/index.php?rest_route=%2Fwp%2Fv2%2Fcategories&post=5108"},{"taxonomy":"post_tag","embeddable":true,"href":"https:\/\/palavradeamorpalavra.sallep.net\/index.php?rest_route=%2Fwp%2Fv2%2Ftags&post=5108"}],"curies":[{"name":"wp","href":"https:\/\/api.w.org\/{rel}","templated":true}]}}