{"id":5185,"date":"2021-04-02T18:13:33","date_gmt":"2021-04-02T18:13:33","guid":{"rendered":"http:\/\/palavradeamorpalavra.sallep.net\/?p=5185"},"modified":"2022-11-16T20:25:26","modified_gmt":"2022-11-16T20:25:26","slug":"entrou-tambem-no-sepulcro-vazio-viu-e-acreditou","status":"publish","type":"post","link":"https:\/\/palavradeamorpalavra.sallep.net\/?p=5185","title":{"rendered":"\u00abEntrou tamb\u00e9m no sepulcro (vazio)&#8230; viu e acreditou\u00bb"},"content":{"rendered":"<p><a href=\"http:\/\/palavradeamorpalavra.sallep.net\/wp-content\/uploads\/2021\/04\/15bbb-Entrou-tambem-no-sepulcro-vazio...-viu-e-acreditou-1.png\"><img fetchpriority=\"high\" decoding=\"async\" class=\"aligncenter size-full wp-image-5186\" src=\"http:\/\/palavradeamorpalavra.sallep.net\/wp-content\/uploads\/2021\/04\/15bbb-Entrou-tambem-no-sepulcro-vazio...-viu-e-acreditou-1.png\" alt=\"\" width=\"3423\" height=\"5296\" srcset=\"https:\/\/palavradeamorpalavra.sallep.net\/wp-content\/uploads\/2021\/04\/15bbb-Entrou-tambem-no-sepulcro-vazio...-viu-e-acreditou-1.png 3423w, https:\/\/palavradeamorpalavra.sallep.net\/wp-content\/uploads\/2021\/04\/15bbb-Entrou-tambem-no-sepulcro-vazio...-viu-e-acreditou-1-194x300.png 194w, https:\/\/palavradeamorpalavra.sallep.net\/wp-content\/uploads\/2021\/04\/15bbb-Entrou-tambem-no-sepulcro-vazio...-viu-e-acreditou-1-662x1024.png 662w, https:\/\/palavradeamorpalavra.sallep.net\/wp-content\/uploads\/2021\/04\/15bbb-Entrou-tambem-no-sepulcro-vazio...-viu-e-acreditou-1-768x1188.png 768w, https:\/\/palavradeamorpalavra.sallep.net\/wp-content\/uploads\/2021\/04\/15bbb-Entrou-tambem-no-sepulcro-vazio...-viu-e-acreditou-1-993x1536.png 993w, https:\/\/palavradeamorpalavra.sallep.net\/wp-content\/uploads\/2021\/04\/15bbb-Entrou-tambem-no-sepulcro-vazio...-viu-e-acreditou-1-1324x2048.png 1324w, https:\/\/palavradeamorpalavra.sallep.net\/wp-content\/uploads\/2021\/04\/15bbb-Entrou-tambem-no-sepulcro-vazio...-viu-e-acreditou-1-662x1024-398x615.png 398w\" sizes=\"(max-width: 3423px) 100vw, 3423px\" \/><\/a><\/p>\n<p>\uf0c6\u00a0 <strong>\u201c\u2026<u>Os judeus mataram Jesus<\/u>, suspendendo-O na cruz. <u>Mas Deus ressuscitou-O ao terceiro dia<\/u> e permitiu-Lhe manifestar-Se a muitas pessoas\u2026 e n\u00f3s somos testemunhas disto\u201d. <\/strong><em>[<strong>At<\/strong> <strong>10<\/strong>,<\/em><em>39-40<\/em><em> (1\u00aa L.)].<\/em><\/p>\n<p>\uf0c6\u00a0 <strong>\u201c<u>V\u00f3s morrestes, e a vossa vida est\u00e1 escondida com Cristo em Deus<\/u>. Quando Cristo, que \u00e9 a vossa vida, Se manifestar, tamb\u00e9m v\u00f3s haveis de vos manifestar com Ele na gl\u00f3ria\u201d.<\/strong> <em>[<strong>Cl<\/strong> <strong>3<\/strong>,<\/em><em>3-4<\/em><em> (2\u00aa L.)].<\/em><\/p>\n<p>\uf0c6\u00a0 <strong>\u201c<u>Entrou tamb\u00e9m no sepulcro (<em>vazio<\/em>)<\/u> o outro disc\u00edpulo que chegara primeiro: <u>viu e acreditou<\/u>. Na verdade, ainda n\u00e3o tinham entendido a Escritura\u2026 que Jesus devia ressuscitar\u201d.<\/strong> <em>[<strong>Jo<\/strong> <strong>20<\/strong>,<\/em><em>8-9<\/em><em> (3\u00aaL)].<\/em><\/p>\n<p>&#8212;&#8212;&#8212;&#8212;&#8212;&#8212;<\/p>\n<p>Foi preciso \u2013 necess\u00e1rio, imprescind\u00edvel (!?) \u2013 passar pela \u201cPaix\u00e3o\u201d e \u201cMorte\u201d (de Cruz!) para chegar \u00e0 Gl\u00f3ria e <em>alcan\u00e7ar<\/em> a <em>Salva\u00e7\u00e3o<\/em> de todos os \u201ccondenados\u201d pelo mal e o pecado, causado pela <em>Liberdade<\/em> humana! E <em>Liberdade<\/em> com \u2018mai\u00fascula\u2019, porque os humanos gostamos de a considerar \u2018sagrada\u2019(!).<\/p>\n<p>Pois \u00e9. Afinal, esta foi a <em>\u201cmetamorfose\u201d<\/em> das \u2018metamorfoses\u2019! \u00c9 que esta \u2018transforma\u00e7\u00e3o\u2019 \u2013 quer em Jesus quer em n\u00f3s \u2013 pode ser definida como \u00aba <em>passagem<\/em> de uma <em>vida<\/em> para outra <em>VIDA<\/em> melhor\u00bb\u2026 Nestes Dias Santos estamos a comemorar essa transforma\u00e7\u00e3o, essa transfigura\u00e7\u00e3o, essa <em>metamorfose<\/em>, na Pessoa de Cristo Jesus, <em>Deus-homem<\/em> verdadeiro\u2026 Ele \u2013 como n\u00f3s agora \u2013 estava a viver uma vida que n\u00f3s pod\u00edamos comparar\u00a0 \u00e0 \u2018fase\u2019 de <em>larva<\/em> ou lagarta (na <em>\u2018metamorfose\u2019<\/em> dalguns <em>\u2018insetos\u2019<\/em>)\u2026<\/p>\n<p>E Jesus, como a tal <em>\u2018larva\u2019<\/em> (o tal \u201cverme\u201d do <strong><em>Sl 21<\/em><\/strong><em>,<\/em><em>7<\/em> <strong>\/<\/strong> <em>Is 53<\/em>) tinha que sofrer uma s\u00e9rie de profundas transforma\u00e7\u00f5es \u2013 atrav\u00e9s da Sua Paix\u00e3o e Morte \u2013 acabando \u2018encerrado\u2019 no <em>\u2018casulo\u2019<\/em> do seu <em>sepulcro<\/em>\u2026<\/p>\n<p>Assim, o <em>autor dos Atos dos Ap\u00f3stolos<\/em> regista que <em>\u201cos judeus mataram Jesus, suspendendo-O na cruz\u201d(At 10)<\/em>; ou ent\u00e3o, o autor da <em>Carta aos Colossenses<\/em> acrescenta <em>\u201cv\u00f3s morrestes, e a vossa vida est\u00e1 escondida com Cristo\u2026\u201d(Cl 3).<\/em> Eis a nossa <em>metamorfose<\/em>, com Cristo, at\u00e9 acabarmos no <em>\u2018casulo\u2019<\/em> do que chamamos <em>\u2018morte\u2019<\/em>. Mas, tal como na \u2018cris\u00e1lida\u2019, a <em>borboleta<\/em> n\u00e3o pode ficar no \u2018casulo\u2019, Cristo \u2013 e n\u00f3s \u2013 n\u00e3o podemos ficar no sepulcro (a nossa morte \u00e9 apenas uma <em>degrada\u00e7\u00e3o<\/em> da mat\u00e9ria!): os disc\u00edpulos <em>(Jo 20)<\/em><em> \u201centram no sepulcro e, vendo-o vazio, acreditam\u201d<\/em> na <em>Ressurrei\u00e7\u00e3o<\/em> do \u201cseu Senhor\u201d, isto \u00e9, na Vida!<\/p>\n<p>\u00c9, sim! Jesus saiu imediatamente do sepulcro, tal como n\u00f3s <em>\u2018sairemos&#8217;<\/em> com Ele e como Ele. <em>\u201cDeus ressuscitou-O ao terceiro dia\u201d<\/em> (<em>At 10<\/em>). E assim, <em>\u201cquando Cristo, que \u00e9 a nossa vida, Se manifestar, n\u00f3s tamb\u00e9m havemos de nos manifestar com Ele na gl\u00f3ria\u201d(<\/em><em>Cl 3<\/em><em>)<\/em>. (Ora, qual <em>bela borboleta<\/em> sa\u00edda do casulo!).<\/p>\n<p>\u00c9 tempo PASCAL!\u00a0 ALELUIA!\u00a0 Viva a VIDA! \u00a0Em CRISTO e por CRISTO!!!<\/p>\n<p><strong>\u00ab<\/strong> Ent\u00e3o, <strong>M\u00e3e<\/strong>, <strong><u>Nossa Senhora da Boa Sa\u00fade<\/u> <\/strong><em>(<strong>*<\/strong>)<\/em>, Tu h\u00e1s de nos ensinar o pleno significado da \u00abBoa Sa\u00fade\u00bb: Que saibamos ultrapassar a nossa \u2013 simples e s\u00f3 \u2013 sa\u00fade <em>corporal<\/em> (que tamb\u00e9m Te pedimos) para trabalharmos, sobretudo, por conseguir a sa\u00fade <em>espiritual<\/em>, ou seja, a <em>Salva\u00e7\u00e3o<\/em> total da nossa Vida! Que aprendamos \u2013 como os peregrinos de <strong><em>Velankanni<\/em><\/strong>, na \u00cdndia \u2013 a confiar na Tua bondade \u201csalv\u00edfica\u201d, capaz de <em>sarar<\/em> e <em>salvar<\/em> todos, por Cristo teu Filho, de todas as ra\u00e7as, pa\u00edses ou \u2018religi\u00f5es\u2019\u2026<\/p>\n<p><em>(<strong>*<\/strong>)- Sa\u00fade\u2019, <\/em>na sua origem latina <em>salus (salutis)<\/em>, tem o significado de <em><u>Salva\u00e7\u00e3o<\/u>.<\/em><\/p>\n<p><u>NOTAS<\/u> COMPLEMENTARES:<\/p>\n<p>1-] \u00a0<u>Nossa Senhora da Boa Sa\u00fade<\/u> (<em>Velankanni, <\/em>\u00cdndia). \u00c0 falta de documentos hist\u00f3ricos (como em tantas apari\u00e7\u00f5es da Virgem Maria) a tradi\u00e7\u00e3o oral \u00e9 a fonte das <em>duas<\/em> Apari\u00e7\u00f5es <em>marianas<\/em> em <em>Velankanni &#8211;<\/em> T\u00e2mil Nadu (\u00cdndia) nos fins do s\u00e9culo XVI (em 1570 e em 1597). As duas Apari\u00e7\u00f5es, segundo a tradi\u00e7\u00e3o, foram muito \u2018semelhantes\u2019: Em ambas, os \u2018videntes\u2019 eram rapazes pastores pobres, a quem, em tempos e lugares diferentes, \u2018apareceu\u2019 a mesma <em>linda mulher <\/em>(que seria Maria) segurando uma <em>crian\u00e7a<\/em>. Quer <em>um<\/em> quer o <em>outro<\/em>, os dois pastorinhos ofereceram do <em>seu<\/em> <em>alimento<\/em> \u00e0 crian\u00e7a da senhora (um: o <em>leite,<\/em> e o outro: o <em>leitelho<\/em>). E os <em>milagres<\/em> foram estes: o primeiro, observou, mais tarde, que a sua leiteira estava mais cheia e com leite fresco; e o segundo (que era <em>aleijadinho<\/em>) quando, obedecendo \u00e0 senhora, saiu a correr para dar o recado, e percebeu que j\u00e1 n\u00e3o era <em>coxo<\/em>. Em cada \u2018lugar do encontro\u2019 foi levantada uma capelinha muito simples: no primeiro, \u201c<em>Matha Kulam\u201d<\/em> (= <em>Lago de Nossa Senhora<\/em>), e no outro, uma, dedicada a <em>Nossa Senhora da Sa\u00fade<\/em> (=<em>&#8220;Arokia Matha&#8221;<\/em>, em <em>t\u00e2mil<\/em>)\u2026 Um s\u00e9culo mais tarde, registou-se a \u2018salva\u00e7\u00e3o milagrosa\u2019 (pela invoca\u00e7\u00e3o da <em>\u2018Estrela do Mar\u2019<\/em>) de um barco, com 150 marinheiros comerciantes <a href=\"https:\/\/pt.wikipedia.org\/wiki\/Portugueses\">portugueses<\/a>,\u00a0numa tempestade na <em>Ba\u00eda de Bengala<\/em>, facto que contribuiu a reconstru\u00e7\u00f5es sucessivas do complexo \u201cmariano\u201d de edif\u00edcios-igrejas, j\u00e1 existentes \u2026 Atualmente, o Santu\u00e1rio Mariano de <em>Nossa Senhora da Boa Sa\u00fade<\/em> \u00e9 constitu\u00eddo por um complexo enorme de belos edif\u00edcios (Capelas, Templos, Bas\u00edlicas, unidas entre si por uma ampla rede de <em>passeios<\/em> e <em>avenidas<\/em>)\u2026 Os peregrinos, vindos de toda a parte \u00e0 <em>cidade de Velankanni<\/em>, s\u00e3o incont\u00e1veis (principalmente durante a temporada de <em>festivais<\/em>, que dura v\u00e1rias semanas, embora a <em>festa<\/em> seja no dia <em>8 de setembro<\/em>). Pessoas de outras religi\u00f5es (por ex. <em>hindu\u00edstas<\/em>) tamb\u00e9m participam\u2026 [<em>Muit\u00edssimos outros<\/em> Santu\u00e1rios, no mundo, s\u00e3o dedicados \u00e0 <em>\u201cSenhora da (Boa) Sa\u00fade\u201d<\/em>; ex.: na <u>It\u00e1lia<\/u> (<em>Veneza <\/em>\/ <em>\u201cMadonna della Salute\u201d<\/em>); no <u>Brasil<\/u> (<em>Curicica <\/em>\/ Rio de Janeiro); ou em <u>Portugal<\/u> (<em>Pereiro <\/em>\/ Ma\u00e7\u00e3o, entre muitos outros pequenos Santu\u00e1rios)\u2026].<\/p>\n<p>2-] \u00a0<u>Amoreira<\/u> (<em>Morus nigra<\/em>). O G\u00e9nero <em>Morus<\/em> s\u00e3o as \u00e1rvores conhecidas como <em>Amoreiras<\/em>. <em>Nativas<\/em> das regi\u00f5es temperadas e subtropicais da \u00c1sia, \u00c1frica e Am\u00e9rica do Norte, todas elas <em>se originaram<\/em> na \u00c1sia, tendo vindo para a Europa, no s\u00e9culo VI (pelo com\u00e9rcio da <em>seda<\/em>)\u2026 Conhecem-se tr\u00eas <em>esp\u00e9cies<\/em> importantes: <em>Morus nigra<\/em> (amora-preta); <em>Morus alba<\/em> (amora-branca) e <em>Morus rubra<\/em> (amora-vermelha), atendendo \u00e0 cor dos frutos (<em>amoras<\/em>). A variedade <em>preta<\/em> \u00e9 a melhor, como fruto, para a alimenta\u00e7\u00e3o. Por\u00e9m, para a \u201cind\u00fastria da <em>seda<\/em>\u201d s\u00e3o preferidas as folhas da variedade <em>branca<\/em> (<em>Morus alba<\/em>).\u00a0 <strong>[ <\/strong>E como curiosidade cient\u00edfica: Os \u2018bichos-da-seda\u2019 s\u00e3o as <em>larvas<\/em> (na <em>\u201cMetamorfose\u201d completa<\/em> do <em>inseto-borboleta \/ Lepid\u00f3pteros<\/em>) <em>larvas<\/em> que comem as <em>folhas<\/em> da Amoreira, produzindo a \u201cseda\u201d ao <em>elaborar<\/em> os \u2018casulos\u2019 <strong>]<\/strong>.<\/p>\n<p>3-] \u00a0Os <em>\u2018Lugares\u2019<\/em> (Santu\u00e1rios-Apari\u00e7\u00f5es-T\u00edtulos-Invoca\u00e7\u00f5es\u2026) de<strong> \u2018NOSSA SENHORA\u2019 e M\u00c3E,<\/strong> <strong>Maria,<\/strong><em> \u2018visitados\u2019 nas nossas Reflex\u00f5es,<\/em> <u>at\u00e9 ao presente<\/u>, s\u00e3o, por esta ordem<strong>:<\/strong> \u00a0\u00a0\u00a0\u00a0\u00a0\u00a0\u00a0\u00a0\u00a0\u00a0\u00a0\u00a0\u00a0\u00a0\u00a0\u00a0\u00a0\u00a0\u00a0\u00a0\u00a0<strong><em>[<\/em><\/strong><em>O <\/em><strong>\u2018<u>link<\/u>\u2019 <\/strong><em>do <\/em><strong>Blog<\/strong><em>, para ver todas as <\/em><strong>REFLEX\u00d5ES<\/strong><em>, vai no fim<strong>]<\/strong><\/em>.<\/p>\n<p><strong>&#8212;<\/strong>\u00a0 1. DE <u>F\u00c1TIMA<\/u> (Portugal). \/\/ 2. DE <u>GUADALUPE<\/u> (M\u00e9xico). \/\/ 3. DE <u>LURDES<\/u> (Fran\u00e7a). \/\/ 4. DE <u>APARECIDA<\/u> (Brasil). \/\/ 5. DE <u>KIBEHO<\/u> (\u00c1frica \/ Ruanda). \/\/ 6. DE <u>AKITA<\/u> e <u>NAJU<\/u> (\u00c1sia \/ Jap\u00e3o e Coreia do S.). \/\/ 7. <u>AUXILIADORA<\/u> (Oce\u00e2nia \/ Papu\u00e1sia\u2026 e Austr\u00e1lia). \/\/ 8. DO <u>CARMO<\/u> (Israel e Inglaterra). \/\/ 9. DAS <u>NEVES<\/u> (It\u00e1lia). \/\/ 10. DOS <u>POVOS<\/u> (Holanda). \/\/ 11. DAS <u>GRA\u00c7AS<\/u> (Fran\u00e7a). \/\/ 12. DE <u>CZESTOCHOWA<\/u> (Pol\u00f3nia). \/\/ 13. DE <u>COROMOTO<\/u> (Venezuela). \/\/ 14. DE <u>LIPA<\/u> (Filipinas). \/\/ 15. DA <u>CANDEL\u00c1RIA<\/u> (Espanha). \/\/ 16. DE <u>KNOCK<\/u> (Irlanda). \/\/ 17. DE <u>BEAURAING<\/u> (B\u00e9lgica). \/\/ 18. DE <u>LORETO<\/u> (It\u00e1lia). \/\/ 19. DO <u>ROS\u00c1RIO<\/u> (Fran\u00e7a). \/\/ 20. DE <u>LUJ\u00c1N<\/u> (Argentina). \/\/ 21. DE <u>ZEITOUN<\/u> (Egito). \/\/ 22. DA <u>CRUZ<\/u> \/ DE <u>HERFORD<\/u> (Alemanha). \/\/ 23. DA <u>BOA SA\u00daDE<\/u> (\u00cdndia). \/\/<\/p>\n<p>&nbsp;<\/p>\n<p>\/\/\u00a0<em>PARA outras REFLEX\u00d5ES AFINS:<\/em> <a href=\"http:\/\/palavradeamorpalavra.sallep.net\">http:\/\/palavradeamorpalavra.sallep.net<\/a><\/p>\n","protected":false},"excerpt":{"rendered":"<p>\uf0c6\u00a0 \u201c\u2026Os judeus mataram Jesus, suspendendo-O na cruz. Mas Deus ressuscitou-O ao terceiro dia e permitiu-Lhe manifestar-Se a muitas pessoas\u2026 e n\u00f3s somos testemunhas disto\u201d. [At 10,39-40 (1\u00aa L.)]. \uf0c6\u00a0 \u201cV\u00f3s morrestes, e a vossa vida est\u00e1 escondida com Cristo em Deus. Quando Cristo, que \u00e9 a vossa vida, Se manifestar, tamb\u00e9m v\u00f3s haveis de [&hellip;]<\/p>\n","protected":false},"author":2,"featured_media":0,"comment_status":"closed","ping_status":"closed","sticky":false,"template":"","format":"standard","meta":{"footnotes":""},"categories":[6],"tags":[],"class_list":["post-5185","post","type-post","status-publish","format-standard","hentry","category-refletida","has-post-title","has-post-date","has-post-category","has-post-tag","has-post-comment","has-post-author",""],"builder_content":"","_links":{"self":[{"href":"https:\/\/palavradeamorpalavra.sallep.net\/index.php?rest_route=\/wp\/v2\/posts\/5185","targetHints":{"allow":["GET"]}}],"collection":[{"href":"https:\/\/palavradeamorpalavra.sallep.net\/index.php?rest_route=\/wp\/v2\/posts"}],"about":[{"href":"https:\/\/palavradeamorpalavra.sallep.net\/index.php?rest_route=\/wp\/v2\/types\/post"}],"author":[{"embeddable":true,"href":"https:\/\/palavradeamorpalavra.sallep.net\/index.php?rest_route=\/wp\/v2\/users\/2"}],"replies":[{"embeddable":true,"href":"https:\/\/palavradeamorpalavra.sallep.net\/index.php?rest_route=%2Fwp%2Fv2%2Fcomments&post=5185"}],"version-history":[{"count":4,"href":"https:\/\/palavradeamorpalavra.sallep.net\/index.php?rest_route=\/wp\/v2\/posts\/5185\/revisions"}],"predecessor-version":[{"id":5191,"href":"https:\/\/palavradeamorpalavra.sallep.net\/index.php?rest_route=\/wp\/v2\/posts\/5185\/revisions\/5191"}],"wp:attachment":[{"href":"https:\/\/palavradeamorpalavra.sallep.net\/index.php?rest_route=%2Fwp%2Fv2%2Fmedia&parent=5185"}],"wp:term":[{"taxonomy":"category","embeddable":true,"href":"https:\/\/palavradeamorpalavra.sallep.net\/index.php?rest_route=%2Fwp%2Fv2%2Fcategories&post=5185"},{"taxonomy":"post_tag","embeddable":true,"href":"https:\/\/palavradeamorpalavra.sallep.net\/index.php?rest_route=%2Fwp%2Fv2%2Ftags&post=5185"}],"curies":[{"name":"wp","href":"https:\/\/api.w.org\/{rel}","templated":true}]}}