{"id":5207,"date":"2021-04-16T16:52:13","date_gmt":"2021-04-16T16:52:13","guid":{"rendered":"http:\/\/palavradeamorpalavra.sallep.net\/?p=5207"},"modified":"2022-11-19T17:09:42","modified_gmt":"2022-11-19T17:09:42","slug":"espantados-julgavam-ver-um-espirito-2","status":"publish","type":"post","link":"https:\/\/palavradeamorpalavra.sallep.net\/?p=5207","title":{"rendered":"\u00abEspantados&#8230; julgavam ver um esp\u00edrito\u00bb"},"content":{"rendered":"<p><a href=\"http:\/\/palavradeamorpalavra.sallep.net\/wp-content\/uploads\/2021\/04\/17bb-Espantados...-julgavam-ver-um-espirito.jpg\"><img fetchpriority=\"high\" decoding=\"async\" class=\"aligncenter size-full wp-image-5208\" src=\"http:\/\/palavradeamorpalavra.sallep.net\/wp-content\/uploads\/2021\/04\/17bb-Espantados...-julgavam-ver-um-espirito.jpg\" alt=\"\" width=\"884\" height=\"556\" srcset=\"https:\/\/palavradeamorpalavra.sallep.net\/wp-content\/uploads\/2021\/04\/17bb-Espantados...-julgavam-ver-um-espirito.jpg 884w, https:\/\/palavradeamorpalavra.sallep.net\/wp-content\/uploads\/2021\/04\/17bb-Espantados...-julgavam-ver-um-espirito-300x189.jpg 300w, https:\/\/palavradeamorpalavra.sallep.net\/wp-content\/uploads\/2021\/04\/17bb-Espantados...-julgavam-ver-um-espirito-768x483.jpg 768w, https:\/\/palavradeamorpalavra.sallep.net\/wp-content\/uploads\/2021\/04\/17bb-Espantados...-julgavam-ver-um-espirito-398x250.jpg 398w\" sizes=\"(max-width: 884px) 100vw, 884px\" \/><\/a><\/p>\n<p><strong>\u2013\u00a0<\/strong><em><strong>A<\/strong><\/em><strong>\u00a0<\/strong><em><strong>PALAVRA, Refletida<\/strong><\/em><strong>\u00a0ao ritmo Lit\u00fargico \u2013<\/strong><\/p>\n<p><em>( Ciclo B \u2013 Domingo.3 &#8211; P\u00c1SCOA)<\/em><\/p>\n<p><strong><em>\u00a0<\/em><\/strong><\/p>\n<p><em><strong>\u201cJesus apresentou-Se no meio deles e disse-lhes: \u00abA paz esteja convosco\u00bb. <u>Espantados<\/u> e cheios de medo, <u>julgavam ver um esp\u00edrito<\/u>. Disse-lhes Jesus: \u00abPorque estais perturbados e porque se levantam esses pensamentos nos vossos cora\u00e7\u00f5es? Vede as minhas m\u00e3os e os meus p\u00e9s: sou Eu mesmo; tocai-Me e vede: um esp\u00edrito n\u00e3o tem carne nem ossos, como vedes que Eu tenho\u00bb. Dito isto, mostrou-lhes as m\u00e3os e os p\u00e9s\u201d. (Lc 24,36-40\u00a0\/\u00a03\u00aa L).<\/strong><\/em><\/p>\n<p>&nbsp;<\/p>\n<p>O texto pertence a um dos primeiros relatos das apari\u00e7\u00f5es \u201cdo\u00a0Ressuscitado\u201d, ou seja, de<em> Jesus Vivo<\/em>\u2026 E n\u00e3o ser\u00e1 a \u00fanica das apari\u00e7\u00f5es, em que Jesus far\u00e1 todo o poss\u00edvel \u2013 e at\u00e9 ao imposs\u00edvel! \u2013 para lhes fazer ver que se trata d\u2019Ele mesmo, em carne e osso, e n\u00e3o s\u00f3 \u201cem esp\u00edrito\u201d. Ainda que pare\u00e7a, por vezes, um \u201ccontrassenso\u201d\u2026 E, desde logo, n\u00e3o deixa de ser \u201cum mist\u00e9rio\u201d que Jesus realize, perante o espanto deles, fun\u00e7\u00f5es biol\u00f3gicas pr\u00f3prias de organismos vivos\u00a0<em>corp\u00f3reos<\/em>, como \u00e9\u00a0<em>\u2018o comer\u2019<\/em>, ou\u00a0<em>o tocar<\/em>\u00a0e\u00a0<em>ser tocado\u2026\u00a0<\/em>Que explica\u00e7\u00e3o podemos conjeturar acerca disto, na medida em que possa ser esclarecido? Deveremos come\u00e7ar por aceitar que, no fundo, est\u00e1 o \u201cmist\u00e9rio\u201d, e que, como tal, n\u00e3o pode ser explicado, apenas aceite e assumido\u2026<\/p>\n<p>&nbsp;<\/p>\n<p>A \u2013 \u00c9 preciso, antes de mais, ter em aten\u00e7\u00e3o as propriedades dos \u201ccorpos gloriosos\u201d (neste caso, \u2018ressuscitados\u2019) para compreendermos que, ao encontrarem-se numa\u00a0<em>outra \u2018dimens\u00e3o\u2019<\/em>, n\u00e3o podem\u00a0<em>\u201ccomunicar-se\u201d\u00a0<\/em>naturalmente, em reciprocidade, com os \u201ccorpos mortais\u201d \u2026<\/p>\n<p>B \u2013 Isto porque existe, ainda,\u00a0<em>uma<\/em>\u00a0\u2018barreira de\u00a0<em>comunica\u00e7\u00e3o<\/em>\u2019\u2026 H\u00e1 quem considere que a\u00a0<em>comunica\u00e7\u00e3o<\/em>\u00a0\u2013 a n\u00edveis mais profundos \u2013 entre dois seres humanos enquanto s\u00e3o ainda \u2018mortais\u2019, estar\u00e1 sempre limitada por \u201cduas barreiras\u201d, isto \u00e9, a do\u00a0<em>corpo mortal<\/em>\u00a0de cada um deles\u2026<\/p>\n<p>A \u2013 Significa isso que o\u00a0<em>corpo material<\/em>\u00a0com os\u00a0<em>seus sentidos<\/em>\u00a0\u2013 que \u00e9 considerado como canal e instrumento necess\u00e1rio para a\u00a0<em>comunica\u00e7\u00e3o<\/em>\u00a0\u2013 \u00e9 tamb\u00e9m e simultaneamente uma \u201cbarreira\u201d?\u2026<\/p>\n<p>B \u2013 Isso parece para uma\u00a0<em>comunica\u00e7\u00e3o<\/em>\u00a0mais profunda, j\u00e1 que cada indiv\u00edduo ter\u00e1 que \u2018ultrapassar\u2019 o pr\u00f3prio corpo e o da outra pessoa, para\u00a0<em>comunicar<\/em>\u00a0na\u00a0<em>dimens\u00e3o<\/em>\u00a0desejada mais funda, a n\u00edveis mais profundos\u2026<\/p>\n<p>A \u2013 \u00c9 verdade que a pr\u00f3pria experi\u00eancia nos diz que essa\u00a0<em>comunica\u00e7\u00e3o<\/em>\u00a0n\u00e3o \u00e9 poss\u00edvel, porque n\u00e3o encontramos a\u00a0<em>palavra<\/em>, o\u00a0<em>pensamento<\/em>, a\u00a0<em>ideia<\/em>\u2026 E dizemos: \u201cN\u00e3o sou capaz de o exprimir!\u201d.<\/p>\n<p>B \u2013 E p\u00f5e-se este exemplo: Duas pessoas amigas podem\u00a0<em>comunicar\u00a0<\/em>perfeitamente, at\u00e9 a um certo n\u00edvel, nesta vida mortal. Por\u00e9m, a partir do falecimento de uma delas, teoricamente deveriam poder <em>comunicar<\/em> melhor j\u00e1 que desapareceu\u00a0<em>uma\u00a0<\/em>das \u2018barreiras\u2019 (um\u00a0<em>corpo<\/em>)\u2026 Contudo, fica ainda\u00a0<em>a outra \u2018barreira\u2019<\/em>!<\/p>\n<p>A \u2013 Tamb\u00e9m esta realidade \u00e9 experimentada por algumas pessoas, quando chegam a dizer: Eu consigo agora\u00a0<em>comunicar<\/em>\u00a0a n\u00edveis profundos \u2013\u00a0<em>em esp\u00edrito,<\/em>\u00a0mas bem\u00a0<em>real!<\/em>\u00a0\u2013 com o meu filho ou com o meu amigo ou com a minha m\u00e3e\u2026 j\u00e1 falecidos. Claro que n\u00e3o \u00e9 f\u00e1cil, pois ainda permanece\u00a0<em>uma barreira<\/em>!<\/p>\n<p>B \u2013 O que \u00e9 que fazia Jesus \u2018Vivo\u2019 com os seus amigos? Pois com o poder do seu \u201ccorpo glorioso\u201d, adaptava-se aos\u00a0<em>sentidos corporais<\/em>\u00a0deles,\u00a0<em>com toda a facilidade<\/em>\u00a0(at\u00e9 \u2018comendo\u2019 se era preciso). N\u00e3o esque\u00e7am que <em>\u201ctudo \u00e9 poss\u00edvel para Deus-Jesus\u201d!<\/em>\u2026 E tamb\u00e9m atrav\u00e9s dos Santos, a come\u00e7ar por <em>Maria Sant\u00edssima<\/em>, claro!<\/p>\n<p>A \u2013 Sim, a\u00ed est\u00e3o as infindas \u201capari\u00e7\u00f5es-manifesta\u00e7\u00f5es\u201d de <em>Nossa Senhora<\/em>, em tantos \u2018lugares\u2019 do mundo\u2026 Ou seja, que esta\u00a0<em>nova<\/em>\u00a0<em>comunica\u00e7\u00e3o<\/em>\u00a0depende j\u00e1 s\u00f3 da iniciativa e\u00a0<em>omnipot\u00eancia<\/em>\u00a0do \u201ccorpo glorioso\u201d. Por\u00e9m, quando \u2018ca\u00edrem\u2019 todas essas\u00a0<em>barreiras<\/em>, de uma e outra parte, estaremos todos\u00a0<em>numa\u00a0<\/em>\u2018<em>comunica\u00e7\u00e3o\u2019<\/em>\u00a0<em>perfeita!<\/em><\/p>\n<p>&nbsp;<\/p>\n<p style=\"text-align: right;\"><u>A-B<\/u>:\u00a0<strong>Quem dera, Jesus Ressuscitado e Vivo, que a nossa comunica\u00e7\u00e3o conTigo<\/strong><\/p>\n<p style=\"text-align: right;\"><strong>fosse \u201cem esp\u00edrito e verdade\u201d, sem \u2018barreiras\u2019, como os\u00a0<\/strong><em><strong>\u2018corpos gloriosos\u2019<\/strong><\/em><strong>!<\/strong><\/p>\n<p style=\"text-align: right;\"><strong>Entretanto, aceitamos, de boa vontade, as\u00a0<\/strong><em><strong>limita\u00e7\u00f5es<\/strong><\/em><strong>\u00a0naturais da vida presente,<\/strong><\/p>\n<p style=\"text-align: right;\"><strong>na Esperan\u00e7a \u2013 perseverante e ativa \u2013 da \u201cnova Comunica\u00e7\u00e3o\u201d na Vida futura;<\/strong><\/p>\n<p style=\"text-align: right;\"><strong>onde, al\u00e9m de n\u00e3o haver nenhum \u201cmal\u201d \u2013 nada negativo, obscuro, imperfeito\u2026 \u2013<\/strong><\/p>\n<p style=\"text-align: right;\"><strong>tamb\u00e9m n\u00e3o existir\u00e1 qualquer barreira ou limita\u00e7\u00e3o <em>\u2018esp\u00e1cio-temporal\u2019<\/em>\u2026<\/strong><\/p>\n<p>&nbsp;<\/p>\n<p>\/\/\u00a0<em>PARA outras REFLEX\u00d5ES AFINS:<\/em> <a href=\"http:\/\/palavradeamorpalavra.sallep.net\">http:\/\/palavradeamorpalavra.sallep.net<\/a><\/p>\n","protected":false},"excerpt":{"rendered":"<p>\u2013\u00a0A\u00a0PALAVRA, Refletida\u00a0ao ritmo Lit\u00fargico \u2013 ( Ciclo B \u2013 Domingo.3 &#8211; P\u00c1SCOA) \u00a0 \u201cJesus apresentou-Se no meio deles e disse-lhes: \u00abA paz esteja convosco\u00bb. Espantados e cheios de medo, julgavam ver um esp\u00edrito. Disse-lhes Jesus: \u00abPorque estais perturbados e porque se levantam esses pensamentos nos vossos cora\u00e7\u00f5es? Vede as minhas m\u00e3os e os meus p\u00e9s: [&hellip;]<\/p>\n","protected":false},"author":2,"featured_media":0,"comment_status":"closed","ping_status":"closed","sticky":false,"template":"","format":"standard","meta":{"footnotes":""},"categories":[6],"tags":[],"class_list":["post-5207","post","type-post","status-publish","format-standard","hentry","category-refletida","has-post-title","has-post-date","has-post-category","has-post-tag","has-post-comment","has-post-author",""],"builder_content":"","_links":{"self":[{"href":"https:\/\/palavradeamorpalavra.sallep.net\/index.php?rest_route=\/wp\/v2\/posts\/5207","targetHints":{"allow":["GET"]}}],"collection":[{"href":"https:\/\/palavradeamorpalavra.sallep.net\/index.php?rest_route=\/wp\/v2\/posts"}],"about":[{"href":"https:\/\/palavradeamorpalavra.sallep.net\/index.php?rest_route=\/wp\/v2\/types\/post"}],"author":[{"embeddable":true,"href":"https:\/\/palavradeamorpalavra.sallep.net\/index.php?rest_route=\/wp\/v2\/users\/2"}],"replies":[{"embeddable":true,"href":"https:\/\/palavradeamorpalavra.sallep.net\/index.php?rest_route=%2Fwp%2Fv2%2Fcomments&post=5207"}],"version-history":[{"count":2,"href":"https:\/\/palavradeamorpalavra.sallep.net\/index.php?rest_route=\/wp\/v2\/posts\/5207\/revisions"}],"predecessor-version":[{"id":5210,"href":"https:\/\/palavradeamorpalavra.sallep.net\/index.php?rest_route=\/wp\/v2\/posts\/5207\/revisions\/5210"}],"wp:attachment":[{"href":"https:\/\/palavradeamorpalavra.sallep.net\/index.php?rest_route=%2Fwp%2Fv2%2Fmedia&parent=5207"}],"wp:term":[{"taxonomy":"category","embeddable":true,"href":"https:\/\/palavradeamorpalavra.sallep.net\/index.php?rest_route=%2Fwp%2Fv2%2Fcategories&post=5207"},{"taxonomy":"post_tag","embeddable":true,"href":"https:\/\/palavradeamorpalavra.sallep.net\/index.php?rest_route=%2Fwp%2Fv2%2Ftags&post=5207"}],"curies":[{"name":"wp","href":"https:\/\/api.w.org\/{rel}","templated":true}]}}